{"id":18314,"date":"2021-03-23T12:51:44","date_gmt":"2021-03-23T12:51:44","guid":{"rendered":"https:\/\/ski-outdoor.ro\/ski\/?p=18314"},"modified":"2021-03-23T12:52:21","modified_gmt":"2021-03-23T12:52:21","slug":"avancronica-de-marti","status":"publish","type":"post","link":"https:\/\/ski-outdoor.ro\/ski\/2021\/03\/23\/avancronica-de-marti\/","title":{"rendered":"Avancronica de Mar\u021bi"},"content":{"rendered":"\n<p><strong>\u00cenainte s\u0103 \u00eencep cu ce evenimente ne a\u0219teapt\u0103 s\u0103pt\u0103m\u00e2na aceasta, pe unii ca \u0219i concuren\u021bi, pe al\u021bi ca spectatori, v-am r\u0103mas dator cu clasamentul la individual \u00een concursul de schi alpinism desf\u0103\u0219urat la Bor\u0219a \u00een 21.03.2021.\u00a0SkiTrab Trophy a fost un eveniment tare reu\u0219it care a adunat la startul lui unii dintre cei mai buni atle\u021bi din \u021bar\u0103.<\/strong><\/p>\n\n\n\n<p>La individual am avut peste 50 de participan\u021bi \u00eenscri\u0219i. Traseu foarte bine amenajat, \u201crachetele\u201d nu s-au desmintit \u0219i avem rezultatele:<\/p>\n\n\n\n<ul><li>La senioare a c\u00e2\u0219tigat Dobo\u0219 Anamaria de la Vertical Sport Sibiu, urmat\u0103 de Voicu Mara \u0219i Ruskal Agnes;<\/li><li>La seniori c\u00e2\u0219tig\u0103tor este Preda Andrei de la CSA Steaua Bucure\u0219ti urmat de Manea Silviu \u0219i Dobre Vlad Nicolae;<\/li><li>La\u00a0 fete sub 16 ani c\u00e2\u0219tig\u0103toare a fost Manea Andreea. Podiumul a fost completat de Manea Cristina \u0219i Bolindu Lorena;<\/li><li>La categoria sub 18 ani am avut doar o singur\u0103 concuren\u021b\u0103 \u2013 Clinciu Ana;<\/li><li>La sub 20 Garbacea Miruna \u0219i Ro\u0219ca Maria. Miruna s-a impus \u00een fa\u021ba Mariei. Tot dou\u0103 fete am avut \u0219i la veterane. Timi\u0219 Georgeta a c\u00e2\u0219tigat primul loc, Damian Ildiko clas\u00e2ndu-se pe locul secund;<\/li><li>La b\u0103ie\u021bi, categoria sub 18 ani a c\u00e2\u0219tigat Jinga Gheorghe Petru\u021b de la CS Dinamo Bucure\u0219ti. Podiumul a fost completat de Cotinghiu Petru\u021b \u0219i Stan Bogdan;<\/li><li>La categoria sub 20 am avut un singur b\u0103iat \u00eenscris \u2013 Surdu Constantin iar la sub 23 am avut doi b\u0103ie\u021bi \u00eenscri\u0219i \u2013 Col\u021bea George \u0219i Fazakas Alexandru. Col\u021bea George a ocupat prima pozi\u021bie la aceast\u0103 categorie;<\/li><li>Nebunie mare la b\u0103ie\u021bi veterani. Aici s-au \u00eent\u00e2lnit c\u00e2teva adev\u0103rate legende \u00een schiul alpinism \u0219i schiul de tur\u0103;<\/li><li>Am avut 2 categorii de veterani. La Veterani 1 a c\u00e2\u0219tigat Toth Zoltan, podiumul fiind completat\u00a0 de T\u0103nase Ovidiu \u0219i Matei Traian;<\/li><li>La veterani 2 a c\u00e2\u0219tigat Clinciu Lucian de la CSA Steaua Bucure\u0219ti, urmat de Torok\u00a0 Janos \u0219i Vaum Waldermar.<\/li><\/ul>\n\n\n\n<p>Mai multe despre eveniment, clasamentul general, organizatori \u0219i parteneri ai acestei competi\u021bii le g\u0103si\u021bi pe site-ul oficial, <a href=\"https:\/\/www.skitrabtrophy.org\/\" target=\"_blank\" rel=\"noreferrer noopener\">aici<\/a> sau pe pagina de facebook, <a href=\"https:\/\/www.facebook.com\/Cupa-Skitrab-103814191639694\" target=\"_blank\" rel=\"noreferrer noopener\">aici<\/a>.<\/p>\n\n\n\n<p>Dac\u0103 tot veni vorba de clasamente \u0219i rezultate deosebite va invit s\u0103 urm\u0103ri\u021bi s\u00e2mb\u0103t\u0103 Gala Muntelui \u2013 un eveniment \u00een care vor fi premia\u021bi sportivii din mediul outdoor care au adus, \u00een 2020, un plus valoare sportului pe care \u00eel practic\u0103.<\/p>\n\n\n\n<div class=\"wp-block-image\"><figure class=\"aligncenter size-large\"><img loading=\"lazy\" width=\"500\" height=\"262\" src=\"https:\/\/ski-outdoor.ro\/ski\/wp-content\/uploads\/sites\/2\/2021\/03\/gala-muntelui.jpg\" alt=\"\" class=\"wp-image-18318\" srcset=\"https:\/\/ski-outdoor.ro\/ski\/wp-content\/uploads\/sites\/2\/2021\/03\/gala-muntelui.jpg 500w, https:\/\/ski-outdoor.ro\/ski\/wp-content\/uploads\/sites\/2\/2021\/03\/gala-muntelui-300x157.jpg 300w, https:\/\/ski-outdoor.ro\/ski\/wp-content\/uploads\/sites\/2\/2021\/03\/gala-muntelui-370x194.jpg 370w\" sizes=\"(max-width: 500px) 100vw, 500px\" \/><\/figure><\/div>\n\n\n\n<blockquote class=\"wp-block-quote\"><p><em>Suntem \u00een tab\u0103ra de baz\u0103 a\u0219tept\u00e2nd o fereastr\u0103 de vreme bun\u0103. A\u0219a ne sim\u021bim de un an de c\u00e2nd pandemia de Covid-19 pare c\u0103 ne-a pus pe pauz\u0103 toate planurile, toate aspira\u021biile, toate ambi\u021biile. \u00cens\u0103 unii dintre noi nu au renun\u021bat, s-au adaptat \u0219i au avut curajul de a-\u0219i duce pasiunile la cap\u0103t. S-au antrenat, \u0219i-au dus competi\u021biile la bun sf\u00e2r\u0219it \u0219i au ob\u021binut rezultate cu care ne m\u00e2ndrim cu to\u021bii<\/em>, spune Dan Burlac, pre\u0219edinte Gala Muntelui.<\/p><\/blockquote>\n\n\n\n<p>Din cauza situa\u021biei pandemice, Gala Muntelui 2021 va avea loc f\u0103r\u0103 public, \u00eens\u0103 va fi transmis\u0103 online pe paginile de Facebook <a href=\"https:\/\/www.facebook.com\/alpinfilmfestival\" target=\"_blank\" rel=\"noreferrer noopener\">Alpin Film Festival<\/a> \u0219i <a href=\"https:\/\/www.facebook.com\/skiandoutdoormagazine\" target=\"_blank\" rel=\"noreferrer noopener\">Ski&amp;Outdoor Magazine<\/a>. Unul dintre momentele speciale ale galei va fi reprezentat de acordarea Trofeului Zsolt Torok, \u00een memoria marelui alpinist rom\u00e2n, disp\u0103rut dintre noi \u00een 2019. Evenimentul se va transmite de la Bu\u0219teni, s\u00e2mb\u0103t\u0103 27 martie, \u00eencep\u00e2nd cu ora 11. Mai multe informa\u021bii, <a href=\"https:\/\/www.facebook.com\/events\/215540780320437\" target=\"_blank\" rel=\"noreferrer noopener\">aici<\/a>.<\/p>\n\n\n\n<p>Ei, \u0219i ce avem \u00een acesta s\u0103pt\u0103m\u00e2na din punct de vedere competi\u021bional:<\/p>\n\n\n\n<p>Avem schi alpinism la B\u00e2lea. \u00cen perioada 27-28.03.2021 se desf\u0103\u0219oar\u0103 la B\u00e2lea competi\u021bia Ski Alpinism Race B\u00e2lea. Aflat la a 8-a edi\u021bia acest eveniment \u00a0 ne aduce, \u00een 2021, trei curse: Ski de tur\u0103 individual, Ski Alpinism Individual \u0219i Ski Alpinism Echipa. \u00cen cadrul ace\u0219ti eveniment se va \u021bine Campionatul Na\u021bional de Schi alpinism pentru sportivi individuali. Evenimentul este organizat de c\u0103tre Asocia\u021bia Club Sportiv Vertical Sport. Nout\u0103\u021bi, informa\u021bii utile despre eveniment le pute\u021bi g\u0103si <a href=\"https:\/\/skialpinismrace.ro\/\" target=\"_blank\" rel=\"noreferrer noopener\">aici<\/a> sau <a href=\"https:\/\/www.facebook.com\/SkiAlpinismRomania\" target=\"_blank\" rel=\"noreferrer noopener\">aici<\/a>.<\/p>\n\n\n\n<div class=\"wp-block-image\"><figure class=\"alignleft size-large is-resized\"><img loading=\"lazy\" src=\"https:\/\/ski-outdoor.ro\/ski\/wp-content\/uploads\/sites\/2\/2021\/03\/battle-on-snow.jpg\" alt=\"\" class=\"wp-image-18317\" width=\"372\" height=\"529\" srcset=\"https:\/\/ski-outdoor.ro\/ski\/wp-content\/uploads\/sites\/2\/2021\/03\/battle-on-snow.jpg 555w, https:\/\/ski-outdoor.ro\/ski\/wp-content\/uploads\/sites\/2\/2021\/03\/battle-on-snow-211x300.jpg 211w, https:\/\/ski-outdoor.ro\/ski\/wp-content\/uploads\/sites\/2\/2021\/03\/battle-on-snow-370x527.jpg 370w, https:\/\/ski-outdoor.ro\/ski\/wp-content\/uploads\/sites\/2\/2021\/03\/battle-on-snow-407x580.jpg 407w\" sizes=\"(max-width: 372px) 100vw, 372px\" \/><\/figure><\/div>\n\n\n\n<p>\u0218i tot pe z\u0103pad\u0103 r\u0103m\u00e2nem dar de aceast\u0103 dat\u0103 asta ne d\u0103m cu plac\u0103. \u00cen Harghita la M\u0103d\u0103ra\u0219 se desf\u0103\u0219oar\u0103 unul dintre cele mai \u021b\u0103ri concursuri de snowboard \u2013 Battle on Snow. A zecea edi\u021bie a evenimentului se va desf\u0103\u0219ura \u00eentre 26-28 martie. Raiderii din toat\u0103 \u021bar\u0103 sunt a\u0219tepta\u021bi s\u0103 ne \u00eenc\u00e2nte cu evolu\u021biile lor. Va fi epiiiic!!! Va las <a href=\"https:\/\/www.facebook.com\/BattleOnSnowCompetition\" target=\"_blank\" rel=\"noreferrer noopener\">aici<\/a> adresa.<\/p>\n\n\n\n<p>\u0218i tot pe z\u0103pad\u0103, nu a\u0219a de mult\u0103, \u00een alergare de dat\u0103 aceast\u0103. Cei de la Clubul Sporturilor Montane Rupicapra, datorit\u0103 condi\u021biilor meteo,\u00a0 au m\u0103rit perioada de concurs p\u00e2n\u0103 \u00een 28.03.2021. A\u0219a c\u0103 cei ce doresc s\u0103 alerge \u00eentr-o zona tare interesat\u0103 sunt a\u0219tepta\u021bi la Pope\u0219ti Trail Challenge. Informa\u021bii mai multe, <a href=\"http:\/\/rupicapra.eu\/\" target=\"_blank\" rel=\"noreferrer noopener\">aici<\/a>.<\/p>\n\n\n\n<p>Ski, snowboard, alergare, ultima s\u0103pt\u0103m\u00e2na din martie ne ofer\u0103 peisajul perfect pentru o gr\u0103mad\u0103 de sporturi outdoor. \u0218i cirea\u0219a de pe tort \u2013 ne aduce \u0219i Gala Muntelui unde vom mul\u021bumi sportivilor care ne-au fost inspira\u021bie \u0219i motiva\u021bie \u00een ultimul an.<\/p>\n\n\n\n<p><em>Scris de: Vasile Cipcigan<\/em><\/p>\n","protected":false},"excerpt":{"rendered":"<p>\u00cenainte s\u0103 \u00eencep cu ce evenimente ne a\u0219teapt\u0103 s\u0103pt\u0103m\u00e2na aceasta, pe unii ca \u0219i concuren\u021bi, pe al\u021bi ca spectatori, v-am&#8230;<\/p>\n","protected":false},"author":16,"featured_media":18319,"comment_status":"open","ping_status":"open","sticky":false,"template":"","format":"standard","meta":[],"categories":[2770,53],"tags":[1705,5052,5056,5053,1014,3124,70,5057,75,5054,5055,161,2500,5050,118,4656],"yoast_head":"<!-- This site is optimized with the Yoast SEO plugin v18.4.1 - https:\/\/yoast.com\/wordpress\/plugins\/seo\/ -->\n<title>Avancronica de Mar\u021bi - Ski Magazine<\/title>\n<meta name=\"robots\" content=\"index, follow, max-snippet:-1, max-image-preview:large, max-video-preview:-1\" \/>\n<link rel=\"canonical\" href=\"https:\/\/ski-outdoor.ro\/ski\/2021\/03\/23\/avancronica-de-marti\/\" \/>\n<meta property=\"og:locale\" content=\"ro_RO\" \/>\n<meta property=\"og:type\" content=\"article\" \/>\n<meta property=\"og:title\" content=\"Avancronica de Mar\u021bi - Ski Magazine\" \/>\n<meta property=\"og:description\" content=\"\u00cenainte s\u0103 \u00eencep cu ce evenimente ne a\u0219teapt\u0103 s\u0103pt\u0103m\u00e2na aceasta, pe unii ca \u0219i concuren\u021bi, pe al\u021bi ca spectatori, v-am...\" \/>\n<meta property=\"og:url\" content=\"https:\/\/ski-outdoor.ro\/ski\/2021\/03\/23\/avancronica-de-marti\/\" \/>\n<meta property=\"og:site_name\" content=\"Ski Magazine\" \/>\n<meta property=\"article:published_time\" content=\"2021-03-23T12:51:44+00:00\" \/>\n<meta property=\"article:modified_time\" content=\"2021-03-23T12:52:21+00:00\" \/>\n<meta property=\"og:image\" content=\"https:\/\/ski-outdoor.ro\/ski\/wp-content\/uploads\/sites\/2\/2021\/03\/SkiTrab-Trophy.jpg\" \/>\n\t<meta property=\"og:image:width\" content=\"960\" \/>\n\t<meta property=\"og:image:height\" content=\"543\" \/>\n\t<meta property=\"og:image:type\" content=\"image\/jpeg\" \/>\n<meta name=\"twitter:card\" content=\"summary_large_image\" \/>\n<meta name=\"twitter:label1\" content=\"Scris de\" \/>\n\t<meta name=\"twitter:data1\" content=\"Bianca \u0218omlea\" \/>\n\t<meta name=\"twitter:label2\" content=\"Timp estimat pentru citire\" \/>\n\t<meta name=\"twitter:data2\" content=\"4 minute\" \/>\n<script type=\"application\/ld+json\" class=\"yoast-schema-graph\">{\"@context\":\"https:\/\/schema.org\",\"@graph\":[{\"@type\":\"WebSite\",\"@id\":\"https:\/\/ski-outdoor.ro\/ski\/#website\",\"url\":\"https:\/\/ski-outdoor.ro\/ski\/\",\"name\":\"Ski Magazine\",\"description\":\"\",\"potentialAction\":[{\"@type\":\"SearchAction\",\"target\":{\"@type\":\"EntryPoint\",\"urlTemplate\":\"https:\/\/ski-outdoor.ro\/ski\/?s={search_term_string}\"},\"query-input\":\"required name=search_term_string\"}],\"inLanguage\":\"ro-RO\"},{\"@type\":\"ImageObject\",\"@id\":\"https:\/\/ski-outdoor.ro\/ski\/2021\/03\/23\/avancronica-de-marti\/#primaryimage\",\"inLanguage\":\"ro-RO\",\"url\":\"https:\/\/ski-outdoor.ro\/ski\/wp-content\/uploads\/sites\/2\/2021\/03\/SkiTrab-Trophy.jpg\",\"contentUrl\":\"https:\/\/ski-outdoor.ro\/ski\/wp-content\/uploads\/sites\/2\/2021\/03\/SkiTrab-Trophy.jpg\",\"width\":960,\"height\":543},{\"@type\":\"WebPage\",\"@id\":\"https:\/\/ski-outdoor.ro\/ski\/2021\/03\/23\/avancronica-de-marti\/#webpage\",\"url\":\"https:\/\/ski-outdoor.ro\/ski\/2021\/03\/23\/avancronica-de-marti\/\",\"name\":\"Avancronica de Mar\u021bi - Ski Magazine\",\"isPartOf\":{\"@id\":\"https:\/\/ski-outdoor.ro\/ski\/#website\"},\"primaryImageOfPage\":{\"@id\":\"https:\/\/ski-outdoor.ro\/ski\/2021\/03\/23\/avancronica-de-marti\/#primaryimage\"},\"datePublished\":\"2021-03-23T12:51:44+00:00\",\"dateModified\":\"2021-03-23T12:52:21+00:00\",\"author\":{\"@id\":\"https:\/\/ski-outdoor.ro\/ski\/#\/schema\/person\/29661f8d079aa10872d8edcf2a2a520b\"},\"breadcrumb\":{\"@id\":\"https:\/\/ski-outdoor.ro\/ski\/2021\/03\/23\/avancronica-de-marti\/#breadcrumb\"},\"inLanguage\":\"ro-RO\",\"potentialAction\":[{\"@type\":\"ReadAction\",\"target\":[\"https:\/\/ski-outdoor.ro\/ski\/2021\/03\/23\/avancronica-de-marti\/\"]}]},{\"@type\":\"BreadcrumbList\",\"@id\":\"https:\/\/ski-outdoor.ro\/ski\/2021\/03\/23\/avancronica-de-marti\/#breadcrumb\",\"itemListElement\":[{\"@type\":\"ListItem\",\"position\":1,\"name\":\"Home\",\"item\":\"https:\/\/ski-outdoor.ro\/ski\/\"},{\"@type\":\"ListItem\",\"position\":2,\"name\":\"Avancronica de Mar\u021bi\"}]},{\"@type\":\"Person\",\"@id\":\"https:\/\/ski-outdoor.ro\/ski\/#\/schema\/person\/29661f8d079aa10872d8edcf2a2a520b\",\"name\":\"Bianca \u0218omlea\",\"image\":{\"@type\":\"ImageObject\",\"@id\":\"https:\/\/ski-outdoor.ro\/ski\/#personlogo\",\"inLanguage\":\"ro-RO\",\"url\":\"https:\/\/secure.gravatar.com\/avatar\/b39a83203da3fc8888ded6e8052246ad?s=96&d=mm&r=g\",\"contentUrl\":\"https:\/\/secure.gravatar.com\/avatar\/b39a83203da3fc8888ded6e8052246ad?s=96&d=mm&r=g\",\"caption\":\"Bianca \u0218omlea\"},\"url\":\"https:\/\/ski-outdoor.ro\/ski\/author\/editorfb206\/\"}]}<\/script>\n<!-- \/ Yoast SEO plugin. -->","yoast_head_json":{"title":"Avancronica de Mar\u021bi - Ski Magazine","robots":{"index":"index","follow":"follow","max-snippet":"max-snippet:-1","max-image-preview":"max-image-preview:large","max-video-preview":"max-video-preview:-1"},"canonical":"https:\/\/ski-outdoor.ro\/ski\/2021\/03\/23\/avancronica-de-marti\/","og_locale":"ro_RO","og_type":"article","og_title":"Avancronica de Mar\u021bi - Ski Magazine","og_description":"\u00cenainte s\u0103 \u00eencep cu ce evenimente ne a\u0219teapt\u0103 s\u0103pt\u0103m\u00e2na aceasta, pe unii ca \u0219i concuren\u021bi, pe al\u021bi ca spectatori, v-am...","og_url":"https:\/\/ski-outdoor.ro\/ski\/2021\/03\/23\/avancronica-de-marti\/","og_site_name":"Ski Magazine","article_published_time":"2021-03-23T12:51:44+00:00","article_modified_time":"2021-03-23T12:52:21+00:00","og_image":[{"width":960,"height":543,"url":"https:\/\/ski-outdoor.ro\/ski\/wp-content\/uploads\/sites\/2\/2021\/03\/SkiTrab-Trophy.jpg","type":"image\/jpeg"}],"twitter_card":"summary_large_image","twitter_misc":{"Scris de":"Bianca \u0218omlea","Timp estimat pentru citire":"4 minute"},"schema":{"@context":"https:\/\/schema.org","@graph":[{"@type":"WebSite","@id":"https:\/\/ski-outdoor.ro\/ski\/#website","url":"https:\/\/ski-outdoor.ro\/ski\/","name":"Ski Magazine","description":"","potentialAction":[{"@type":"SearchAction","target":{"@type":"EntryPoint","urlTemplate":"https:\/\/ski-outdoor.ro\/ski\/?s={search_term_string}"},"query-input":"required name=search_term_string"}],"inLanguage":"ro-RO"},{"@type":"ImageObject","@id":"https:\/\/ski-outdoor.ro\/ski\/2021\/03\/23\/avancronica-de-marti\/#primaryimage","inLanguage":"ro-RO","url":"https:\/\/ski-outdoor.ro\/ski\/wp-content\/uploads\/sites\/2\/2021\/03\/SkiTrab-Trophy.jpg","contentUrl":"https:\/\/ski-outdoor.ro\/ski\/wp-content\/uploads\/sites\/2\/2021\/03\/SkiTrab-Trophy.jpg","width":960,"height":543},{"@type":"WebPage","@id":"https:\/\/ski-outdoor.ro\/ski\/2021\/03\/23\/avancronica-de-marti\/#webpage","url":"https:\/\/ski-outdoor.ro\/ski\/2021\/03\/23\/avancronica-de-marti\/","name":"Avancronica de Mar\u021bi - Ski Magazine","isPartOf":{"@id":"https:\/\/ski-outdoor.ro\/ski\/#website"},"primaryImageOfPage":{"@id":"https:\/\/ski-outdoor.ro\/ski\/2021\/03\/23\/avancronica-de-marti\/#primaryimage"},"datePublished":"2021-03-23T12:51:44+00:00","dateModified":"2021-03-23T12:52:21+00:00","author":{"@id":"https:\/\/ski-outdoor.ro\/ski\/#\/schema\/person\/29661f8d079aa10872d8edcf2a2a520b"},"breadcrumb":{"@id":"https:\/\/ski-outdoor.ro\/ski\/2021\/03\/23\/avancronica-de-marti\/#breadcrumb"},"inLanguage":"ro-RO","potentialAction":[{"@type":"ReadAction","target":["https:\/\/ski-outdoor.ro\/ski\/2021\/03\/23\/avancronica-de-marti\/"]}]},{"@type":"BreadcrumbList","@id":"https:\/\/ski-outdoor.ro\/ski\/2021\/03\/23\/avancronica-de-marti\/#breadcrumb","itemListElement":[{"@type":"ListItem","position":1,"name":"Home","item":"https:\/\/ski-outdoor.ro\/ski\/"},{"@type":"ListItem","position":2,"name":"Avancronica de Mar\u021bi"}]},{"@type":"Person","@id":"https:\/\/ski-outdoor.ro\/ski\/#\/schema\/person\/29661f8d079aa10872d8edcf2a2a520b","name":"Bianca \u0218omlea","image":{"@type":"ImageObject","@id":"https:\/\/ski-outdoor.ro\/ski\/#personlogo","inLanguage":"ro-RO","url":"https:\/\/secure.gravatar.com\/avatar\/b39a83203da3fc8888ded6e8052246ad?s=96&d=mm&r=g","contentUrl":"https:\/\/secure.gravatar.com\/avatar\/b39a83203da3fc8888ded6e8052246ad?s=96&d=mm&r=g","caption":"Bianca \u0218omlea"},"url":"https:\/\/ski-outdoor.ro\/ski\/author\/editorfb206\/"}]}},"_links":{"self":[{"href":"https:\/\/ski-outdoor.ro\/ski\/wp-json\/wp\/v2\/posts\/18314"}],"collection":[{"href":"https:\/\/ski-outdoor.ro\/ski\/wp-json\/wp\/v2\/posts"}],"about":[{"href":"https:\/\/ski-outdoor.ro\/ski\/wp-json\/wp\/v2\/types\/post"}],"author":[{"embeddable":true,"href":"https:\/\/ski-outdoor.ro\/ski\/wp-json\/wp\/v2\/users\/16"}],"replies":[{"embeddable":true,"href":"https:\/\/ski-outdoor.ro\/ski\/wp-json\/wp\/v2\/comments?post=18314"}],"version-history":[{"count":4,"href":"https:\/\/ski-outdoor.ro\/ski\/wp-json\/wp\/v2\/posts\/18314\/revisions"}],"predecessor-version":[{"id":18321,"href":"https:\/\/ski-outdoor.ro\/ski\/wp-json\/wp\/v2\/posts\/18314\/revisions\/18321"}],"wp:featuredmedia":[{"embeddable":true,"href":"https:\/\/ski-outdoor.ro\/ski\/wp-json\/wp\/v2\/media\/18319"}],"wp:attachment":[{"href":"https:\/\/ski-outdoor.ro\/ski\/wp-json\/wp\/v2\/media?parent=18314"}],"wp:term":[{"taxonomy":"category","embeddable":true,"href":"https:\/\/ski-outdoor.ro\/ski\/wp-json\/wp\/v2\/categories?post=18314"},{"taxonomy":"post_tag","embeddable":true,"href":"https:\/\/ski-outdoor.ro\/ski\/wp-json\/wp\/v2\/tags?post=18314"}],"curies":[{"name":"wp","href":"https:\/\/api.w.org\/{rel}","templated":true}]}}