{"id":18727,"date":"2021-10-10T08:07:01","date_gmt":"2021-10-10T08:07:01","guid":{"rendered":"https:\/\/ski-outdoor.ro\/ski\/?p=18727"},"modified":"2021-10-11T12:45:53","modified_gmt":"2021-10-11T12:45:53","slug":"s-a-dat-startul-sezonul-de-schi-la-kitzsteinhorn-in-alpii-austrieci","status":"publish","type":"post","link":"https:\/\/ski-outdoor.ro\/ski\/2021\/10\/10\/s-a-dat-startul-sezonul-de-schi-la-kitzsteinhorn-in-alpii-austrieci\/","title":{"rendered":"S-a dat startul sezonului de schi la Kitzsteinhorn, \u00een Alpii austrieci"},"content":{"rendered":"\n<p><strong>Sezonul de schi la Kitzsteinhorn, \u00een Alpii austrieci, a fost deschis oficial s\u00e2mb\u0103t\u0103. Aproape 2.000 de iubitori ai sporturilor de iarn\u0103 s-au bucurat de prima zi de schi \u00een apropiere de Salzburg.<\/strong><\/p>\n\n\n\n<p>Primii oameni au ajuns pe p\u00e2rtie \u00eenc\u0103 de s\u00e2mb\u0103t\u0103 diminea\u021ba, la ora 8.30.<\/p>\n\n\n\n<p>Vremea a fost perfect\u0103 pentru schi. Soarele a str\u0103lucit, iar stratul de z\u0103pad\u0103 era consistent. De altfel, organizatorii anun\u021bau cu dou\u0103 zile \u00eenainte de deschidere c\u0103 z\u0103pada m\u0103soar\u0103 \u00een zon\u0103 50 de centimetri.<\/p>\n\n\n\n<figure class=\"wp-block-image size-large\"><img loading=\"lazy\" width=\"822\" height=\"1024\" src=\"https:\/\/ski-outdoor.ro\/ski\/wp-content\/uploads\/sites\/2\/2021\/10\/Kitzsteinhorn-2-822x1024.jpg\" alt=\"\" class=\"wp-image-18729\" srcset=\"https:\/\/ski-outdoor.ro\/ski\/wp-content\/uploads\/sites\/2\/2021\/10\/Kitzsteinhorn-2-822x1024.jpg 822w, https:\/\/ski-outdoor.ro\/ski\/wp-content\/uploads\/sites\/2\/2021\/10\/Kitzsteinhorn-2-241x300.jpg 241w, https:\/\/ski-outdoor.ro\/ski\/wp-content\/uploads\/sites\/2\/2021\/10\/Kitzsteinhorn-2-768x957.jpg 768w, https:\/\/ski-outdoor.ro\/ski\/wp-content\/uploads\/sites\/2\/2021\/10\/Kitzsteinhorn-2-1233x1536.jpg 1233w, https:\/\/ski-outdoor.ro\/ski\/wp-content\/uploads\/sites\/2\/2021\/10\/Kitzsteinhorn-2-370x461.jpg 370w, https:\/\/ski-outdoor.ro\/ski\/wp-content\/uploads\/sites\/2\/2021\/10\/Kitzsteinhorn-2-570x710.jpg 570w, https:\/\/ski-outdoor.ro\/ski\/wp-content\/uploads\/sites\/2\/2021\/10\/Kitzsteinhorn-2-770x959.jpg 770w, https:\/\/ski-outdoor.ro\/ski\/wp-content\/uploads\/sites\/2\/2021\/10\/Kitzsteinhorn-2-1170x1458.jpg 1170w, https:\/\/ski-outdoor.ro\/ski\/wp-content\/uploads\/sites\/2\/2021\/10\/Kitzsteinhorn-2-466x580.jpg 466w, https:\/\/ski-outdoor.ro\/ski\/wp-content\/uploads\/sites\/2\/2021\/10\/Kitzsteinhorn-2.jpg 1440w\" sizes=\"(max-width: 822px) 100vw, 822px\" \/><\/figure>\n\n\n\n<p>Administratorii au pus \u00een func\u021biune aproximativ o treime din cele 20 de instala\u021bii de transport pe cablu.<\/p>\n\n\n\n<blockquote class=\"wp-block-quote\"><p>\u201eNe a\u0219tept\u0103m \u00eentotdeauna s\u0103 avem \u00eentre 1.500 \u0219i 2.000 de oaspe\u021bi la \u00eenceputul lunii octombrie &#8211; \u00een func\u021bie de condi\u021biile meteorologice \u0219i de z\u0103pad\u0103, iar z\u0103pada ne-a ajutat foarte mult \u00een ultimele zile&#8221;, a declarat Norbert Karlsb\u00f6ck, membru al Consiliului de administra\u021bie al Kapruner Gletscherbahnen, citat de salzburg.orf.at.<\/p><\/blockquote>\n\n\n\n<p>Potrivit publica\u021biei, teleschiurile au \u00eenceput sezonul \u00een baza reglement\u0103rilor Covid din var\u0103, deoarece noul regulament nu este \u00eenc\u0103 disponibil.<\/p>\n\n\n\n<figure class=\"wp-block-image size-large\"><img loading=\"lazy\" width=\"821\" height=\"1024\" src=\"https:\/\/ski-outdoor.ro\/ski\/wp-content\/uploads\/sites\/2\/2021\/10\/Kitzsteinhorn-1-821x1024.jpg\" alt=\"\" class=\"wp-image-18728\" srcset=\"https:\/\/ski-outdoor.ro\/ski\/wp-content\/uploads\/sites\/2\/2021\/10\/Kitzsteinhorn-1-821x1024.jpg 821w, https:\/\/ski-outdoor.ro\/ski\/wp-content\/uploads\/sites\/2\/2021\/10\/Kitzsteinhorn-1-241x300.jpg 241w, https:\/\/ski-outdoor.ro\/ski\/wp-content\/uploads\/sites\/2\/2021\/10\/Kitzsteinhorn-1-768x957.jpg 768w, https:\/\/ski-outdoor.ro\/ski\/wp-content\/uploads\/sites\/2\/2021\/10\/Kitzsteinhorn-1-1232x1536.jpg 1232w, https:\/\/ski-outdoor.ro\/ski\/wp-content\/uploads\/sites\/2\/2021\/10\/Kitzsteinhorn-1-370x461.jpg 370w, https:\/\/ski-outdoor.ro\/ski\/wp-content\/uploads\/sites\/2\/2021\/10\/Kitzsteinhorn-1-570x711.jpg 570w, https:\/\/ski-outdoor.ro\/ski\/wp-content\/uploads\/sites\/2\/2021\/10\/Kitzsteinhorn-1-770x960.jpg 770w, https:\/\/ski-outdoor.ro\/ski\/wp-content\/uploads\/sites\/2\/2021\/10\/Kitzsteinhorn-1-1170x1458.jpg 1170w, https:\/\/ski-outdoor.ro\/ski\/wp-content\/uploads\/sites\/2\/2021\/10\/Kitzsteinhorn-1-465x580.jpg 465w, https:\/\/ski-outdoor.ro\/ski\/wp-content\/uploads\/sites\/2\/2021\/10\/Kitzsteinhorn-1.jpg 1440w\" sizes=\"(max-width: 821px) 100vw, 821px\" \/><\/figure>\n\n\n\n<p>Astfel, m\u0103\u0219tile sunt obligatorii \u00een telegondol\u0103, iar \u00een zonele de alimenta\u021bie public\u0103 \u0219i \u00een cabane accesul se face doar pe baza unui certificat verde.<\/p>\n\n\n\n<p>\u0218i \u00een Italia, administratorii de p\u00e2rtii se preg\u0103tesc pentru deschiderea sezonului. La Dolomiti Superski, aceasta este programat\u0103 pentru 4 decembrie. Detalii, <a href=\"https:\/\/ski-outdoor.ro\/ski\/2021\/10\/11\/dupa-un-an-de-pauza-se-deschide-sezonul-de-schi-in-dolomiti-italia\/\" target=\"_blank\" rel=\"noreferrer noopener\"><span class=\"has-inline-color has-vivid-cyan-blue-color\">aici<\/span><\/a>.<\/p>\n\n\n\n<p><em>Scris de: C\u0103lin Pop<\/em><\/p>\n\n\n\n<p><em>Foto: Facebook\/Kitzsteinhorn<\/em><\/p>\n","protected":false},"excerpt":{"rendered":"<p>Sezonul de schi la Kitzsteinhorn, \u00een Alpii austrieci, a fost deschis oficial s\u00e2mb\u0103t\u0103. Aproape 2.000 de iubitori ai sporturilor de&#8230;<\/p>\n","protected":false},"author":16,"featured_media":18730,"comment_status":"open","ping_status":"open","sticky":false,"template":"","format":"standard","meta":[],"categories":[2770],"tags":[495,260,1446,117,155],"yoast_head":"<!-- This site is optimized with the Yoast SEO plugin v18.4.1 - https:\/\/yoast.com\/wordpress\/plugins\/seo\/ -->\n<title>S-a dat startul sezonului de schi la Kitzsteinhorn, \u00een Alpii austrieci - Ski Magazine<\/title>\n<meta name=\"description\" content=\"Sezonul de schi la Kitzsteinhorn, \u00een Alpii austrieci, a fost deschis oficial s\u00e2mb\u0103t\u0103. Aproape 2.000 de iubitori ai sporturilor de iarn\u0103 s-au bucurat de prima zi de schi \u00een apropiere de Salzburg.\" \/>\n<meta name=\"robots\" content=\"index, follow, max-snippet:-1, max-image-preview:large, max-video-preview:-1\" \/>\n<link rel=\"canonical\" href=\"https:\/\/ski-outdoor.ro\/ski\/2021\/10\/10\/s-a-dat-startul-sezonul-de-schi-la-kitzsteinhorn-in-alpii-austrieci\/\" \/>\n<meta property=\"og:locale\" content=\"ro_RO\" \/>\n<meta property=\"og:type\" content=\"article\" \/>\n<meta property=\"og:title\" content=\"S-a dat startul sezonului de schi la Kitzsteinhorn, \u00een Alpii austrieci - Ski Magazine\" \/>\n<meta property=\"og:description\" content=\"Sezonul de schi la Kitzsteinhorn, \u00een Alpii austrieci, a fost deschis oficial s\u00e2mb\u0103t\u0103. Aproape 2.000 de iubitori ai sporturilor de iarn\u0103 s-au bucurat de prima zi de schi \u00een apropiere de Salzburg.\" \/>\n<meta property=\"og:url\" content=\"https:\/\/ski-outdoor.ro\/ski\/2021\/10\/10\/s-a-dat-startul-sezonul-de-schi-la-kitzsteinhorn-in-alpii-austrieci\/\" \/>\n<meta property=\"og:site_name\" content=\"Ski Magazine\" \/>\n<meta property=\"article:published_time\" content=\"2021-10-10T08:07:01+00:00\" \/>\n<meta property=\"article:modified_time\" content=\"2021-10-11T12:45:53+00:00\" \/>\n<meta property=\"og:image\" content=\"https:\/\/ski-outdoor.ro\/ski\/wp-content\/uploads\/sites\/2\/2021\/10\/Kitzsteinhorn-3.jpg\" \/>\n\t<meta property=\"og:image:width\" content=\"1440\" \/>\n\t<meta property=\"og:image:height\" content=\"1795\" \/>\n\t<meta property=\"og:image:type\" content=\"image\/jpeg\" \/>\n<meta name=\"twitter:card\" content=\"summary_large_image\" \/>\n<meta name=\"twitter:label1\" content=\"Scris de\" \/>\n\t<meta name=\"twitter:data1\" content=\"Bianca \u0218omlea\" \/>\n\t<meta name=\"twitter:label2\" content=\"Timp estimat pentru citire\" \/>\n\t<meta name=\"twitter:data2\" content=\"2 minute\" \/>\n<script type=\"application\/ld+json\" class=\"yoast-schema-graph\">{\"@context\":\"https:\/\/schema.org\",\"@graph\":[{\"@type\":\"WebSite\",\"@id\":\"https:\/\/ski-outdoor.ro\/ski\/#website\",\"url\":\"https:\/\/ski-outdoor.ro\/ski\/\",\"name\":\"Ski Magazine\",\"description\":\"\",\"potentialAction\":[{\"@type\":\"SearchAction\",\"target\":{\"@type\":\"EntryPoint\",\"urlTemplate\":\"https:\/\/ski-outdoor.ro\/ski\/?s={search_term_string}\"},\"query-input\":\"required name=search_term_string\"}],\"inLanguage\":\"ro-RO\"},{\"@type\":\"ImageObject\",\"@id\":\"https:\/\/ski-outdoor.ro\/ski\/2021\/10\/10\/s-a-dat-startul-sezonul-de-schi-la-kitzsteinhorn-in-alpii-austrieci\/#primaryimage\",\"inLanguage\":\"ro-RO\",\"url\":\"https:\/\/ski-outdoor.ro\/ski\/wp-content\/uploads\/sites\/2\/2021\/10\/Kitzsteinhorn-3.jpg\",\"contentUrl\":\"https:\/\/ski-outdoor.ro\/ski\/wp-content\/uploads\/sites\/2\/2021\/10\/Kitzsteinhorn-3.jpg\",\"width\":1440,\"height\":1795},{\"@type\":\"WebPage\",\"@id\":\"https:\/\/ski-outdoor.ro\/ski\/2021\/10\/10\/s-a-dat-startul-sezonul-de-schi-la-kitzsteinhorn-in-alpii-austrieci\/#webpage\",\"url\":\"https:\/\/ski-outdoor.ro\/ski\/2021\/10\/10\/s-a-dat-startul-sezonul-de-schi-la-kitzsteinhorn-in-alpii-austrieci\/\",\"name\":\"S-a dat startul sezonului de schi la Kitzsteinhorn, \u00een Alpii austrieci - Ski Magazine\",\"isPartOf\":{\"@id\":\"https:\/\/ski-outdoor.ro\/ski\/#website\"},\"primaryImageOfPage\":{\"@id\":\"https:\/\/ski-outdoor.ro\/ski\/2021\/10\/10\/s-a-dat-startul-sezonul-de-schi-la-kitzsteinhorn-in-alpii-austrieci\/#primaryimage\"},\"datePublished\":\"2021-10-10T08:07:01+00:00\",\"dateModified\":\"2021-10-11T12:45:53+00:00\",\"author\":{\"@id\":\"https:\/\/ski-outdoor.ro\/ski\/#\/schema\/person\/29661f8d079aa10872d8edcf2a2a520b\"},\"description\":\"Sezonul de schi la Kitzsteinhorn, \u00een Alpii austrieci, a fost deschis oficial s\u00e2mb\u0103t\u0103. Aproape 2.000 de iubitori ai sporturilor de iarn\u0103 s-au bucurat de prima zi de schi \u00een apropiere de Salzburg.\",\"breadcrumb\":{\"@id\":\"https:\/\/ski-outdoor.ro\/ski\/2021\/10\/10\/s-a-dat-startul-sezonul-de-schi-la-kitzsteinhorn-in-alpii-austrieci\/#breadcrumb\"},\"inLanguage\":\"ro-RO\",\"potentialAction\":[{\"@type\":\"ReadAction\",\"target\":[\"https:\/\/ski-outdoor.ro\/ski\/2021\/10\/10\/s-a-dat-startul-sezonul-de-schi-la-kitzsteinhorn-in-alpii-austrieci\/\"]}]},{\"@type\":\"BreadcrumbList\",\"@id\":\"https:\/\/ski-outdoor.ro\/ski\/2021\/10\/10\/s-a-dat-startul-sezonul-de-schi-la-kitzsteinhorn-in-alpii-austrieci\/#breadcrumb\",\"itemListElement\":[{\"@type\":\"ListItem\",\"position\":1,\"name\":\"Home\",\"item\":\"https:\/\/ski-outdoor.ro\/ski\/\"},{\"@type\":\"ListItem\",\"position\":2,\"name\":\"S-a dat startul sezonului de schi la Kitzsteinhorn, \u00een Alpii austrieci\"}]},{\"@type\":\"Person\",\"@id\":\"https:\/\/ski-outdoor.ro\/ski\/#\/schema\/person\/29661f8d079aa10872d8edcf2a2a520b\",\"name\":\"Bianca \u0218omlea\",\"image\":{\"@type\":\"ImageObject\",\"@id\":\"https:\/\/ski-outdoor.ro\/ski\/#personlogo\",\"inLanguage\":\"ro-RO\",\"url\":\"https:\/\/secure.gravatar.com\/avatar\/b39a83203da3fc8888ded6e8052246ad?s=96&d=mm&r=g\",\"contentUrl\":\"https:\/\/secure.gravatar.com\/avatar\/b39a83203da3fc8888ded6e8052246ad?s=96&d=mm&r=g\",\"caption\":\"Bianca \u0218omlea\"},\"url\":\"https:\/\/ski-outdoor.ro\/ski\/author\/editorfb206\/\"}]}<\/script>\n<!-- \/ Yoast SEO plugin. -->","yoast_head_json":{"title":"S-a dat startul sezonului de schi la Kitzsteinhorn, \u00een Alpii austrieci - Ski Magazine","description":"Sezonul de schi la Kitzsteinhorn, \u00een Alpii austrieci, a fost deschis oficial s\u00e2mb\u0103t\u0103. Aproape 2.000 de iubitori ai sporturilor de iarn\u0103 s-au bucurat de prima zi de schi \u00een apropiere de Salzburg.","robots":{"index":"index","follow":"follow","max-snippet":"max-snippet:-1","max-image-preview":"max-image-preview:large","max-video-preview":"max-video-preview:-1"},"canonical":"https:\/\/ski-outdoor.ro\/ski\/2021\/10\/10\/s-a-dat-startul-sezonul-de-schi-la-kitzsteinhorn-in-alpii-austrieci\/","og_locale":"ro_RO","og_type":"article","og_title":"S-a dat startul sezonului de schi la Kitzsteinhorn, \u00een Alpii austrieci - Ski Magazine","og_description":"Sezonul de schi la Kitzsteinhorn, \u00een Alpii austrieci, a fost deschis oficial s\u00e2mb\u0103t\u0103. Aproape 2.000 de iubitori ai sporturilor de iarn\u0103 s-au bucurat de prima zi de schi \u00een apropiere de Salzburg.","og_url":"https:\/\/ski-outdoor.ro\/ski\/2021\/10\/10\/s-a-dat-startul-sezonul-de-schi-la-kitzsteinhorn-in-alpii-austrieci\/","og_site_name":"Ski Magazine","article_published_time":"2021-10-10T08:07:01+00:00","article_modified_time":"2021-10-11T12:45:53+00:00","og_image":[{"width":1440,"height":1795,"url":"https:\/\/ski-outdoor.ro\/ski\/wp-content\/uploads\/sites\/2\/2021\/10\/Kitzsteinhorn-3.jpg","type":"image\/jpeg"}],"twitter_card":"summary_large_image","twitter_misc":{"Scris de":"Bianca \u0218omlea","Timp estimat pentru citire":"2 minute"},"schema":{"@context":"https:\/\/schema.org","@graph":[{"@type":"WebSite","@id":"https:\/\/ski-outdoor.ro\/ski\/#website","url":"https:\/\/ski-outdoor.ro\/ski\/","name":"Ski Magazine","description":"","potentialAction":[{"@type":"SearchAction","target":{"@type":"EntryPoint","urlTemplate":"https:\/\/ski-outdoor.ro\/ski\/?s={search_term_string}"},"query-input":"required name=search_term_string"}],"inLanguage":"ro-RO"},{"@type":"ImageObject","@id":"https:\/\/ski-outdoor.ro\/ski\/2021\/10\/10\/s-a-dat-startul-sezonul-de-schi-la-kitzsteinhorn-in-alpii-austrieci\/#primaryimage","inLanguage":"ro-RO","url":"https:\/\/ski-outdoor.ro\/ski\/wp-content\/uploads\/sites\/2\/2021\/10\/Kitzsteinhorn-3.jpg","contentUrl":"https:\/\/ski-outdoor.ro\/ski\/wp-content\/uploads\/sites\/2\/2021\/10\/Kitzsteinhorn-3.jpg","width":1440,"height":1795},{"@type":"WebPage","@id":"https:\/\/ski-outdoor.ro\/ski\/2021\/10\/10\/s-a-dat-startul-sezonul-de-schi-la-kitzsteinhorn-in-alpii-austrieci\/#webpage","url":"https:\/\/ski-outdoor.ro\/ski\/2021\/10\/10\/s-a-dat-startul-sezonul-de-schi-la-kitzsteinhorn-in-alpii-austrieci\/","name":"S-a dat startul sezonului de schi la Kitzsteinhorn, \u00een Alpii austrieci - Ski Magazine","isPartOf":{"@id":"https:\/\/ski-outdoor.ro\/ski\/#website"},"primaryImageOfPage":{"@id":"https:\/\/ski-outdoor.ro\/ski\/2021\/10\/10\/s-a-dat-startul-sezonul-de-schi-la-kitzsteinhorn-in-alpii-austrieci\/#primaryimage"},"datePublished":"2021-10-10T08:07:01+00:00","dateModified":"2021-10-11T12:45:53+00:00","author":{"@id":"https:\/\/ski-outdoor.ro\/ski\/#\/schema\/person\/29661f8d079aa10872d8edcf2a2a520b"},"description":"Sezonul de schi la Kitzsteinhorn, \u00een Alpii austrieci, a fost deschis oficial s\u00e2mb\u0103t\u0103. Aproape 2.000 de iubitori ai sporturilor de iarn\u0103 s-au bucurat de prima zi de schi \u00een apropiere de Salzburg.","breadcrumb":{"@id":"https:\/\/ski-outdoor.ro\/ski\/2021\/10\/10\/s-a-dat-startul-sezonul-de-schi-la-kitzsteinhorn-in-alpii-austrieci\/#breadcrumb"},"inLanguage":"ro-RO","potentialAction":[{"@type":"ReadAction","target":["https:\/\/ski-outdoor.ro\/ski\/2021\/10\/10\/s-a-dat-startul-sezonul-de-schi-la-kitzsteinhorn-in-alpii-austrieci\/"]}]},{"@type":"BreadcrumbList","@id":"https:\/\/ski-outdoor.ro\/ski\/2021\/10\/10\/s-a-dat-startul-sezonul-de-schi-la-kitzsteinhorn-in-alpii-austrieci\/#breadcrumb","itemListElement":[{"@type":"ListItem","position":1,"name":"Home","item":"https:\/\/ski-outdoor.ro\/ski\/"},{"@type":"ListItem","position":2,"name":"S-a dat startul sezonului de schi la Kitzsteinhorn, \u00een Alpii austrieci"}]},{"@type":"Person","@id":"https:\/\/ski-outdoor.ro\/ski\/#\/schema\/person\/29661f8d079aa10872d8edcf2a2a520b","name":"Bianca \u0218omlea","image":{"@type":"ImageObject","@id":"https:\/\/ski-outdoor.ro\/ski\/#personlogo","inLanguage":"ro-RO","url":"https:\/\/secure.gravatar.com\/avatar\/b39a83203da3fc8888ded6e8052246ad?s=96&d=mm&r=g","contentUrl":"https:\/\/secure.gravatar.com\/avatar\/b39a83203da3fc8888ded6e8052246ad?s=96&d=mm&r=g","caption":"Bianca \u0218omlea"},"url":"https:\/\/ski-outdoor.ro\/ski\/author\/editorfb206\/"}]}},"_links":{"self":[{"href":"https:\/\/ski-outdoor.ro\/ski\/wp-json\/wp\/v2\/posts\/18727"}],"collection":[{"href":"https:\/\/ski-outdoor.ro\/ski\/wp-json\/wp\/v2\/posts"}],"about":[{"href":"https:\/\/ski-outdoor.ro\/ski\/wp-json\/wp\/v2\/types\/post"}],"author":[{"embeddable":true,"href":"https:\/\/ski-outdoor.ro\/ski\/wp-json\/wp\/v2\/users\/16"}],"replies":[{"embeddable":true,"href":"https:\/\/ski-outdoor.ro\/ski\/wp-json\/wp\/v2\/comments?post=18727"}],"version-history":[{"count":6,"href":"https:\/\/ski-outdoor.ro\/ski\/wp-json\/wp\/v2\/posts\/18727\/revisions"}],"predecessor-version":[{"id":18746,"href":"https:\/\/ski-outdoor.ro\/ski\/wp-json\/wp\/v2\/posts\/18727\/revisions\/18746"}],"wp:featuredmedia":[{"embeddable":true,"href":"https:\/\/ski-outdoor.ro\/ski\/wp-json\/wp\/v2\/media\/18730"}],"wp:attachment":[{"href":"https:\/\/ski-outdoor.ro\/ski\/wp-json\/wp\/v2\/media?parent=18727"}],"wp:term":[{"taxonomy":"category","embeddable":true,"href":"https:\/\/ski-outdoor.ro\/ski\/wp-json\/wp\/v2\/categories?post=18727"},{"taxonomy":"post_tag","embeddable":true,"href":"https:\/\/ski-outdoor.ro\/ski\/wp-json\/wp\/v2\/tags?post=18727"}],"curies":[{"name":"wp","href":"https:\/\/api.w.org\/{rel}","templated":true}]}}