{"id":18853,"date":"2021-10-21T05:54:48","date_gmt":"2021-10-21T05:54:48","guid":{"rendered":"https:\/\/ski-outdoor.ro\/ski\/?p=18853"},"modified":"2021-10-21T05:54:48","modified_gmt":"2021-10-21T05:54:48","slug":"sezonul-pe-domeniul-schiabil-transalpina-se-deschide-in-decembrie-telescaunul-pus-in-functiune-dupa-7-ani","status":"publish","type":"post","link":"https:\/\/ski-outdoor.ro\/ski\/2021\/10\/21\/sezonul-pe-domeniul-schiabil-transalpina-se-deschide-in-decembrie-telescaunul-pus-in-functiune-dupa-7-ani\/","title":{"rendered":"Sezonul pe Domeniul Schiabil Transalpina se deschide \u00een decembrie. Telescaunul, pus \u00een func\u021biune dup\u0103 7 ani"},"content":{"rendered":"\n<p><strong>Sezonul pe Domeniul Schiabil Transalpina, jude\u021bul V\u00e2lcea, se deschide anul acesta \u00een decembrie, promit administratorii. P\u00e2rtia de la telescaun, de peste un kilometru lungime, dar \u0219i instala\u021bia de transport pe cablu, care nu a mai fost pornit\u0103 din 2014, sunt nout\u0103\u021bile sezonului de iarn\u0103 2021-2022.<\/strong><\/p>\n\n\n\n<p>Administratorii Domeniului Schiabil Transalpina sunt deci\u0219i s\u0103 deschid\u0103 printre primii sezonul de schi, lucru care se va \u00eent\u00e2mpla \u00een luna decembrie, dar nu mai t\u00e2rziu de 20 decembrie.<strong><\/strong><\/p>\n\n\n\n<blockquote class=\"wp-block-quote\"><p><em>\u201eSezonul de schi se va deschide c\u00e2nd condi\u021biile \u00een ceea ce prive\u0219te stratul de z\u0103pad\u0103 \u0219i temperaturile pentru producerea z\u0103pezii artificiale vor fi propice. Nu o s\u0103 mai \u00eent\u00e2mpin\u0103m dificult\u0103\u021bile din anii trecu\u021bi, c\u00e2nd tot timpul era o necunoscut\u0103 data de deschidere a sezonului. Dac\u0103 p\u00e2n\u0103 acum Transalpina \u00eentotdeauna era ultima, sezonul acesta vrem s\u0103 fim, dac\u0103 nu primii, printre primii, \u00een func\u021bie \u0219i de cum ne ajut\u0103 vremea\u201d<\/em>, a declarat, pentru Ski&amp;Outdoor Magazine, Adrian Iepure, reprezentant al administratorului Domeniului Schiabil Transalpina.<\/p><\/blockquote>\n\n\n\n<p>Acesta spune c\u0103 nout\u0103\u021bile sezonului constau \u00een darea \u00een func\u021biune a p\u00e2rtiei de la telescaun, care anul trecut nu a func\u021bionat, dar \u0219i a instala\u021biei de transport pe cablu, care nu a mai fost pornit\u0103 din 2014.<\/p>\n\n\n\n<p>Este vorba de o p\u00e2rtie care are \u00een jur de 1-1,1 kilometri.<\/p>\n\n\n\n<h2>Telescaunul, func\u021bional<\/h2>\n\n\n\n<p>\u00cen ceea ce prive\u0219te telescaunul, anul acesta au fost f\u0103cute investi\u021bii pentru achizi\u021bionarea unor piese de schimb, dar \u0219i pentru examin\u0103rile magnetografice ale cablului.<\/p>\n\n\n\n<blockquote class=\"wp-block-quote\"><p><em>\u201eInstala\u021bia are toate reviziile la zi, inclusiv examin\u0103rile magnetografice ale cablului. A fost o opera\u021biune foarte anevoais\u0103. Instala\u021bia are un num\u0103r de 100 de scaune, care automat, av\u00e2nd o vechime mai mare de 6 ani \u0219i fiind o instala\u021bie nedebraiabil\u0103, adic\u0103 scaunele sunt permanent pe cablu, trebuiesc, \u00een momentul \u00een care se face examinarea, toate demontate. A fost ceva foarte anevoios, s-a lucrat numai pe asta undeva la o lun\u0103\u201d<\/em>, a explicat administratorul.<\/p><\/blockquote>\n\n\n\n<figure class=\"wp-block-image size-large\"><img loading=\"lazy\" width=\"480\" height=\"960\" src=\"https:\/\/ski-outdoor.ro\/ski\/wp-content\/uploads\/sites\/2\/2021\/10\/transalpina-2.jpg\" alt=\"\" class=\"wp-image-18855\" srcset=\"https:\/\/ski-outdoor.ro\/ski\/wp-content\/uploads\/sites\/2\/2021\/10\/transalpina-2.jpg 480w, https:\/\/ski-outdoor.ro\/ski\/wp-content\/uploads\/sites\/2\/2021\/10\/transalpina-2-150x300.jpg 150w, https:\/\/ski-outdoor.ro\/ski\/wp-content\/uploads\/sites\/2\/2021\/10\/transalpina-2-370x740.jpg 370w, https:\/\/ski-outdoor.ro\/ski\/wp-content\/uploads\/sites\/2\/2021\/10\/transalpina-2-290x580.jpg 290w\" sizes=\"(max-width: 480px) 100vw, 480px\" \/><\/figure>\n\n\n\n<p>Tot ca o noutate este faptul c\u0103, din aceast\u0103 var\u0103, a fost pus \u00een func\u021biune \u0219i tronsonul 2 de telegondol\u0103, care va asigura \u0219i pe timpul iernii transportul turi\u0219tilor. Nici acesta nu a mai fost pornit din 2017.<\/p>\n\n\n\n<p>\u0218i pe p\u00e2rtii s-a intervenit \u00een aceast\u0103 var\u0103. Acestea au fost cur\u0103\u021bate de bolovani, cosite, iar suprafa\u021ba de schi este \u00eenierbat\u0103 undeva \u00een procent de 80%.<\/p>\n\n\n\n<blockquote class=\"wp-block-quote\"><p><em>\u201eSuprafa\u021ba arat\u0103 foarte bine, s-au ref\u0103cut toate gardurile de protec\u021bie\u201d<\/em>, d\u0103 asigur\u0103ri administratorul.<\/p><\/blockquote>\n\n\n\n<h2>Apres-ski nou<\/h2>\n\n\n\n<p>Spre deosebire de anul trecut, c\u00e2nd apres-ski-ul nu a fost deschis, \u00een noul sezon va deveni func\u021bional unul nou, amplasat \u00een zona intemediar\u0103.<\/p>\n\n\n\n<blockquote class=\"wp-block-quote\"><p><em>\u201e\u00cen ceea ce prive\u0219te partea de servire, o s\u0103 deschidem un nou apres-ski, deci nu cel existent, pentru c\u0103 acela este \u00een litigiu, iar pe terasa mare, \u00een zona parc\u0103rii inferioare, \u0219i anume terasa de deasupra garajului telegondolelor, o s\u0103 fie montat un fast-food profesional, care s\u0103 ajute turi\u0219tii \u00een ceea ce prive\u0219te servirea mesei. Apres-ski-ul va fi montat \u00een zona intermediar\u0103, fast-foodul este total renovat\u201d<\/em>, a spus Adrian Iepure.<\/p><\/blockquote>\n\n\n\n<p>\u00cen total, investi\u021biile f\u0103cute \u00een aceast\u0103 var\u0103 la Domeniul Schiabil Transalpina ajung la 400.000-500.000 de euro.<\/p>\n\n\n\n<figure class=\"wp-block-image size-large\"><img loading=\"lazy\" width=\"960\" height=\"720\" src=\"https:\/\/ski-outdoor.ro\/ski\/wp-content\/uploads\/sites\/2\/2021\/10\/transalpina-3.jpg\" alt=\"\" class=\"wp-image-18856\" srcset=\"https:\/\/ski-outdoor.ro\/ski\/wp-content\/uploads\/sites\/2\/2021\/10\/transalpina-3.jpg 960w, https:\/\/ski-outdoor.ro\/ski\/wp-content\/uploads\/sites\/2\/2021\/10\/transalpina-3-300x225.jpg 300w, https:\/\/ski-outdoor.ro\/ski\/wp-content\/uploads\/sites\/2\/2021\/10\/transalpina-3-768x576.jpg 768w, https:\/\/ski-outdoor.ro\/ski\/wp-content\/uploads\/sites\/2\/2021\/10\/transalpina-3-370x278.jpg 370w, https:\/\/ski-outdoor.ro\/ski\/wp-content\/uploads\/sites\/2\/2021\/10\/transalpina-3-570x428.jpg 570w, https:\/\/ski-outdoor.ro\/ski\/wp-content\/uploads\/sites\/2\/2021\/10\/transalpina-3-770x578.jpg 770w, https:\/\/ski-outdoor.ro\/ski\/wp-content\/uploads\/sites\/2\/2021\/10\/transalpina-3-773x580.jpg 773w\" sizes=\"(max-width: 960px) 100vw, 960px\" \/><\/figure>\n\n\n\n<p>Administratorii spun c\u0103 turi\u0219tii vor avea la dispozi\u021bie \u00een acest sezon aproape 7 kilometri de p\u00e2rtie func\u021bional\u0103.<\/p>\n\n\n\n<p><em>Scris de: C\u0103lin Pop<\/em><\/p>\n\n\n\n<p><em>Foto: Facebook\/Domeniul schiabil Transalpina &#8211; Voineasa<\/em><\/p>\n","protected":false},"excerpt":{"rendered":"<p>Sezonul pe Domeniul Schiabil Transalpina, jude\u021bul V\u00e2lcea, se deschide anul acesta \u00een decembrie, promit administratorii. P\u00e2rtia de la telescaun, de&#8230;<\/p>\n","protected":false},"author":16,"featured_media":18854,"comment_status":"open","ping_status":"open","sticky":false,"template":"","format":"standard","meta":[],"categories":[2770],"tags":[5202,117,155,2706,342],"yoast_head":"<!-- This site is optimized with the Yoast SEO plugin v18.4.1 - https:\/\/yoast.com\/wordpress\/plugins\/seo\/ -->\n<title>Sezonul pe Domeniul Schiabil Transalpina se deschide \u00een decembrie. Telescaunul, pus \u00een func\u021biune dup\u0103 7 ani - Ski Magazine<\/title>\n<meta name=\"description\" content=\"Sezonul pe Domeniul Schiabil Transalpina, jude\u021bul V\u00e2lcea, se deschide anul acesta \u00een decembrie, promit administratorii. P\u00e2rtia de la telescaun, de peste un kilometru lungime, dar \u0219i instala\u021bia de transport pe cablu, care nu a mai fost pornit\u0103 din 2014, sunt nout\u0103\u021bile sezonului de iarn\u0103 2021-2022.\" \/>\n<meta name=\"robots\" content=\"index, follow, max-snippet:-1, max-image-preview:large, max-video-preview:-1\" \/>\n<link rel=\"canonical\" href=\"https:\/\/ski-outdoor.ro\/ski\/2021\/10\/21\/sezonul-pe-domeniul-schiabil-transalpina-se-deschide-in-decembrie-telescaunul-pus-in-functiune-dupa-7-ani\/\" \/>\n<meta property=\"og:locale\" content=\"ro_RO\" \/>\n<meta property=\"og:type\" content=\"article\" \/>\n<meta property=\"og:title\" content=\"Sezonul pe Domeniul Schiabil Transalpina se deschide \u00een decembrie. Telescaunul, pus \u00een func\u021biune dup\u0103 7 ani - Ski Magazine\" \/>\n<meta property=\"og:description\" content=\"Sezonul pe Domeniul Schiabil Transalpina, jude\u021bul V\u00e2lcea, se deschide anul acesta \u00een decembrie, promit administratorii. P\u00e2rtia de la telescaun, de peste un kilometru lungime, dar \u0219i instala\u021bia de transport pe cablu, care nu a mai fost pornit\u0103 din 2014, sunt nout\u0103\u021bile sezonului de iarn\u0103 2021-2022.\" \/>\n<meta property=\"og:url\" content=\"https:\/\/ski-outdoor.ro\/ski\/2021\/10\/21\/sezonul-pe-domeniul-schiabil-transalpina-se-deschide-in-decembrie-telescaunul-pus-in-functiune-dupa-7-ani\/\" \/>\n<meta property=\"og:site_name\" content=\"Ski Magazine\" \/>\n<meta property=\"article:published_time\" content=\"2021-10-21T05:54:48+00:00\" \/>\n<meta property=\"og:image\" content=\"https:\/\/ski-outdoor.ro\/ski\/wp-content\/uploads\/sites\/2\/2021\/10\/transalpina-1.jpg\" \/>\n\t<meta property=\"og:image:width\" content=\"960\" \/>\n\t<meta property=\"og:image:height\" content=\"720\" \/>\n\t<meta property=\"og:image:type\" content=\"image\/jpeg\" \/>\n<meta name=\"twitter:card\" content=\"summary_large_image\" \/>\n<meta name=\"twitter:label1\" content=\"Scris de\" \/>\n\t<meta name=\"twitter:data1\" content=\"Bianca \u0218omlea\" \/>\n\t<meta name=\"twitter:label2\" content=\"Timp estimat pentru citire\" \/>\n\t<meta name=\"twitter:data2\" content=\"3 minute\" \/>\n<script type=\"application\/ld+json\" class=\"yoast-schema-graph\">{\"@context\":\"https:\/\/schema.org\",\"@graph\":[{\"@type\":\"WebSite\",\"@id\":\"https:\/\/ski-outdoor.ro\/ski\/#website\",\"url\":\"https:\/\/ski-outdoor.ro\/ski\/\",\"name\":\"Ski Magazine\",\"description\":\"\",\"potentialAction\":[{\"@type\":\"SearchAction\",\"target\":{\"@type\":\"EntryPoint\",\"urlTemplate\":\"https:\/\/ski-outdoor.ro\/ski\/?s={search_term_string}\"},\"query-input\":\"required name=search_term_string\"}],\"inLanguage\":\"ro-RO\"},{\"@type\":\"ImageObject\",\"@id\":\"https:\/\/ski-outdoor.ro\/ski\/2021\/10\/21\/sezonul-pe-domeniul-schiabil-transalpina-se-deschide-in-decembrie-telescaunul-pus-in-functiune-dupa-7-ani\/#primaryimage\",\"inLanguage\":\"ro-RO\",\"url\":\"https:\/\/ski-outdoor.ro\/ski\/wp-content\/uploads\/sites\/2\/2021\/10\/transalpina-1.jpg\",\"contentUrl\":\"https:\/\/ski-outdoor.ro\/ski\/wp-content\/uploads\/sites\/2\/2021\/10\/transalpina-1.jpg\",\"width\":960,\"height\":720},{\"@type\":\"WebPage\",\"@id\":\"https:\/\/ski-outdoor.ro\/ski\/2021\/10\/21\/sezonul-pe-domeniul-schiabil-transalpina-se-deschide-in-decembrie-telescaunul-pus-in-functiune-dupa-7-ani\/#webpage\",\"url\":\"https:\/\/ski-outdoor.ro\/ski\/2021\/10\/21\/sezonul-pe-domeniul-schiabil-transalpina-se-deschide-in-decembrie-telescaunul-pus-in-functiune-dupa-7-ani\/\",\"name\":\"Sezonul pe Domeniul Schiabil Transalpina se deschide \u00een decembrie. Telescaunul, pus \u00een func\u021biune dup\u0103 7 ani - Ski Magazine\",\"isPartOf\":{\"@id\":\"https:\/\/ski-outdoor.ro\/ski\/#website\"},\"primaryImageOfPage\":{\"@id\":\"https:\/\/ski-outdoor.ro\/ski\/2021\/10\/21\/sezonul-pe-domeniul-schiabil-transalpina-se-deschide-in-decembrie-telescaunul-pus-in-functiune-dupa-7-ani\/#primaryimage\"},\"datePublished\":\"2021-10-21T05:54:48+00:00\",\"dateModified\":\"2021-10-21T05:54:48+00:00\",\"author\":{\"@id\":\"https:\/\/ski-outdoor.ro\/ski\/#\/schema\/person\/29661f8d079aa10872d8edcf2a2a520b\"},\"description\":\"Sezonul pe Domeniul Schiabil Transalpina, jude\u021bul V\u00e2lcea, se deschide anul acesta \u00een decembrie, promit administratorii. P\u00e2rtia de la telescaun, de peste un kilometru lungime, dar \u0219i instala\u021bia de transport pe cablu, care nu a mai fost pornit\u0103 din 2014, sunt nout\u0103\u021bile sezonului de iarn\u0103 2021-2022.\",\"breadcrumb\":{\"@id\":\"https:\/\/ski-outdoor.ro\/ski\/2021\/10\/21\/sezonul-pe-domeniul-schiabil-transalpina-se-deschide-in-decembrie-telescaunul-pus-in-functiune-dupa-7-ani\/#breadcrumb\"},\"inLanguage\":\"ro-RO\",\"potentialAction\":[{\"@type\":\"ReadAction\",\"target\":[\"https:\/\/ski-outdoor.ro\/ski\/2021\/10\/21\/sezonul-pe-domeniul-schiabil-transalpina-se-deschide-in-decembrie-telescaunul-pus-in-functiune-dupa-7-ani\/\"]}]},{\"@type\":\"BreadcrumbList\",\"@id\":\"https:\/\/ski-outdoor.ro\/ski\/2021\/10\/21\/sezonul-pe-domeniul-schiabil-transalpina-se-deschide-in-decembrie-telescaunul-pus-in-functiune-dupa-7-ani\/#breadcrumb\",\"itemListElement\":[{\"@type\":\"ListItem\",\"position\":1,\"name\":\"Home\",\"item\":\"https:\/\/ski-outdoor.ro\/ski\/\"},{\"@type\":\"ListItem\",\"position\":2,\"name\":\"Sezonul pe Domeniul Schiabil Transalpina se deschide \u00een decembrie. Telescaunul, pus \u00een func\u021biune dup\u0103 7 ani\"}]},{\"@type\":\"Person\",\"@id\":\"https:\/\/ski-outdoor.ro\/ski\/#\/schema\/person\/29661f8d079aa10872d8edcf2a2a520b\",\"name\":\"Bianca \u0218omlea\",\"image\":{\"@type\":\"ImageObject\",\"@id\":\"https:\/\/ski-outdoor.ro\/ski\/#personlogo\",\"inLanguage\":\"ro-RO\",\"url\":\"https:\/\/secure.gravatar.com\/avatar\/b39a83203da3fc8888ded6e8052246ad?s=96&d=mm&r=g\",\"contentUrl\":\"https:\/\/secure.gravatar.com\/avatar\/b39a83203da3fc8888ded6e8052246ad?s=96&d=mm&r=g\",\"caption\":\"Bianca \u0218omlea\"},\"url\":\"https:\/\/ski-outdoor.ro\/ski\/author\/editorfb206\/\"}]}<\/script>\n<!-- \/ Yoast SEO plugin. -->","yoast_head_json":{"title":"Sezonul pe Domeniul Schiabil Transalpina se deschide \u00een decembrie. Telescaunul, pus \u00een func\u021biune dup\u0103 7 ani - Ski Magazine","description":"Sezonul pe Domeniul Schiabil Transalpina, jude\u021bul V\u00e2lcea, se deschide anul acesta \u00een decembrie, promit administratorii. P\u00e2rtia de la telescaun, de peste un kilometru lungime, dar \u0219i instala\u021bia de transport pe cablu, care nu a mai fost pornit\u0103 din 2014, sunt nout\u0103\u021bile sezonului de iarn\u0103 2021-2022.","robots":{"index":"index","follow":"follow","max-snippet":"max-snippet:-1","max-image-preview":"max-image-preview:large","max-video-preview":"max-video-preview:-1"},"canonical":"https:\/\/ski-outdoor.ro\/ski\/2021\/10\/21\/sezonul-pe-domeniul-schiabil-transalpina-se-deschide-in-decembrie-telescaunul-pus-in-functiune-dupa-7-ani\/","og_locale":"ro_RO","og_type":"article","og_title":"Sezonul pe Domeniul Schiabil Transalpina se deschide \u00een decembrie. Telescaunul, pus \u00een func\u021biune dup\u0103 7 ani - Ski Magazine","og_description":"Sezonul pe Domeniul Schiabil Transalpina, jude\u021bul V\u00e2lcea, se deschide anul acesta \u00een decembrie, promit administratorii. P\u00e2rtia de la telescaun, de peste un kilometru lungime, dar \u0219i instala\u021bia de transport pe cablu, care nu a mai fost pornit\u0103 din 2014, sunt nout\u0103\u021bile sezonului de iarn\u0103 2021-2022.","og_url":"https:\/\/ski-outdoor.ro\/ski\/2021\/10\/21\/sezonul-pe-domeniul-schiabil-transalpina-se-deschide-in-decembrie-telescaunul-pus-in-functiune-dupa-7-ani\/","og_site_name":"Ski Magazine","article_published_time":"2021-10-21T05:54:48+00:00","og_image":[{"width":960,"height":720,"url":"https:\/\/ski-outdoor.ro\/ski\/wp-content\/uploads\/sites\/2\/2021\/10\/transalpina-1.jpg","type":"image\/jpeg"}],"twitter_card":"summary_large_image","twitter_misc":{"Scris de":"Bianca \u0218omlea","Timp estimat pentru citire":"3 minute"},"schema":{"@context":"https:\/\/schema.org","@graph":[{"@type":"WebSite","@id":"https:\/\/ski-outdoor.ro\/ski\/#website","url":"https:\/\/ski-outdoor.ro\/ski\/","name":"Ski Magazine","description":"","potentialAction":[{"@type":"SearchAction","target":{"@type":"EntryPoint","urlTemplate":"https:\/\/ski-outdoor.ro\/ski\/?s={search_term_string}"},"query-input":"required name=search_term_string"}],"inLanguage":"ro-RO"},{"@type":"ImageObject","@id":"https:\/\/ski-outdoor.ro\/ski\/2021\/10\/21\/sezonul-pe-domeniul-schiabil-transalpina-se-deschide-in-decembrie-telescaunul-pus-in-functiune-dupa-7-ani\/#primaryimage","inLanguage":"ro-RO","url":"https:\/\/ski-outdoor.ro\/ski\/wp-content\/uploads\/sites\/2\/2021\/10\/transalpina-1.jpg","contentUrl":"https:\/\/ski-outdoor.ro\/ski\/wp-content\/uploads\/sites\/2\/2021\/10\/transalpina-1.jpg","width":960,"height":720},{"@type":"WebPage","@id":"https:\/\/ski-outdoor.ro\/ski\/2021\/10\/21\/sezonul-pe-domeniul-schiabil-transalpina-se-deschide-in-decembrie-telescaunul-pus-in-functiune-dupa-7-ani\/#webpage","url":"https:\/\/ski-outdoor.ro\/ski\/2021\/10\/21\/sezonul-pe-domeniul-schiabil-transalpina-se-deschide-in-decembrie-telescaunul-pus-in-functiune-dupa-7-ani\/","name":"Sezonul pe Domeniul Schiabil Transalpina se deschide \u00een decembrie. Telescaunul, pus \u00een func\u021biune dup\u0103 7 ani - Ski Magazine","isPartOf":{"@id":"https:\/\/ski-outdoor.ro\/ski\/#website"},"primaryImageOfPage":{"@id":"https:\/\/ski-outdoor.ro\/ski\/2021\/10\/21\/sezonul-pe-domeniul-schiabil-transalpina-se-deschide-in-decembrie-telescaunul-pus-in-functiune-dupa-7-ani\/#primaryimage"},"datePublished":"2021-10-21T05:54:48+00:00","dateModified":"2021-10-21T05:54:48+00:00","author":{"@id":"https:\/\/ski-outdoor.ro\/ski\/#\/schema\/person\/29661f8d079aa10872d8edcf2a2a520b"},"description":"Sezonul pe Domeniul Schiabil Transalpina, jude\u021bul V\u00e2lcea, se deschide anul acesta \u00een decembrie, promit administratorii. P\u00e2rtia de la telescaun, de peste un kilometru lungime, dar \u0219i instala\u021bia de transport pe cablu, care nu a mai fost pornit\u0103 din 2014, sunt nout\u0103\u021bile sezonului de iarn\u0103 2021-2022.","breadcrumb":{"@id":"https:\/\/ski-outdoor.ro\/ski\/2021\/10\/21\/sezonul-pe-domeniul-schiabil-transalpina-se-deschide-in-decembrie-telescaunul-pus-in-functiune-dupa-7-ani\/#breadcrumb"},"inLanguage":"ro-RO","potentialAction":[{"@type":"ReadAction","target":["https:\/\/ski-outdoor.ro\/ski\/2021\/10\/21\/sezonul-pe-domeniul-schiabil-transalpina-se-deschide-in-decembrie-telescaunul-pus-in-functiune-dupa-7-ani\/"]}]},{"@type":"BreadcrumbList","@id":"https:\/\/ski-outdoor.ro\/ski\/2021\/10\/21\/sezonul-pe-domeniul-schiabil-transalpina-se-deschide-in-decembrie-telescaunul-pus-in-functiune-dupa-7-ani\/#breadcrumb","itemListElement":[{"@type":"ListItem","position":1,"name":"Home","item":"https:\/\/ski-outdoor.ro\/ski\/"},{"@type":"ListItem","position":2,"name":"Sezonul pe Domeniul Schiabil Transalpina se deschide \u00een decembrie. Telescaunul, pus \u00een func\u021biune dup\u0103 7 ani"}]},{"@type":"Person","@id":"https:\/\/ski-outdoor.ro\/ski\/#\/schema\/person\/29661f8d079aa10872d8edcf2a2a520b","name":"Bianca \u0218omlea","image":{"@type":"ImageObject","@id":"https:\/\/ski-outdoor.ro\/ski\/#personlogo","inLanguage":"ro-RO","url":"https:\/\/secure.gravatar.com\/avatar\/b39a83203da3fc8888ded6e8052246ad?s=96&d=mm&r=g","contentUrl":"https:\/\/secure.gravatar.com\/avatar\/b39a83203da3fc8888ded6e8052246ad?s=96&d=mm&r=g","caption":"Bianca \u0218omlea"},"url":"https:\/\/ski-outdoor.ro\/ski\/author\/editorfb206\/"}]}},"_links":{"self":[{"href":"https:\/\/ski-outdoor.ro\/ski\/wp-json\/wp\/v2\/posts\/18853"}],"collection":[{"href":"https:\/\/ski-outdoor.ro\/ski\/wp-json\/wp\/v2\/posts"}],"about":[{"href":"https:\/\/ski-outdoor.ro\/ski\/wp-json\/wp\/v2\/types\/post"}],"author":[{"embeddable":true,"href":"https:\/\/ski-outdoor.ro\/ski\/wp-json\/wp\/v2\/users\/16"}],"replies":[{"embeddable":true,"href":"https:\/\/ski-outdoor.ro\/ski\/wp-json\/wp\/v2\/comments?post=18853"}],"version-history":[{"count":7,"href":"https:\/\/ski-outdoor.ro\/ski\/wp-json\/wp\/v2\/posts\/18853\/revisions"}],"predecessor-version":[{"id":18863,"href":"https:\/\/ski-outdoor.ro\/ski\/wp-json\/wp\/v2\/posts\/18853\/revisions\/18863"}],"wp:featuredmedia":[{"embeddable":true,"href":"https:\/\/ski-outdoor.ro\/ski\/wp-json\/wp\/v2\/media\/18854"}],"wp:attachment":[{"href":"https:\/\/ski-outdoor.ro\/ski\/wp-json\/wp\/v2\/media?parent=18853"}],"wp:term":[{"taxonomy":"category","embeddable":true,"href":"https:\/\/ski-outdoor.ro\/ski\/wp-json\/wp\/v2\/categories?post=18853"},{"taxonomy":"post_tag","embeddable":true,"href":"https:\/\/ski-outdoor.ro\/ski\/wp-json\/wp\/v2\/tags?post=18853"}],"curies":[{"name":"wp","href":"https:\/\/api.w.org\/{rel}","templated":true}]}}