{"id":18870,"date":"2021-10-25T05:06:54","date_gmt":"2021-10-25T05:06:54","guid":{"rendered":"https:\/\/ski-outdoor.ro\/ski\/?p=18870"},"modified":"2021-10-25T07:42:30","modified_gmt":"2021-10-25T07:42:30","slug":"sezonul-de-schi-la-straja-se-deschide-in-noiembrie-noutaile-acestei-ierni","status":"publish","type":"post","link":"https:\/\/ski-outdoor.ro\/ski\/2021\/10\/25\/sezonul-de-schi-la-straja-se-deschide-in-noiembrie-noutaile-acestei-ierni\/","title":{"rendered":"Sezonul de schi se va deschide \u00een noiembrie la Straja, dac\u0103 vor permite temperaturile. Nout\u0103\u021bile acestei ierni"},"content":{"rendered":"\n<p><strong>Administratorii domeniului Straja vor s\u0103 p\u0103streze tradi\u021bia \u0219i s\u0103 r\u0103m\u00e2n\u0103 primii care deschid sezonul de schi. La fel ca anul trecut, startul ar putea fi dat chiar la sf\u00e2r\u0219itul lunii noiembrie.<\/strong><\/p>\n\n\n\n<p>Pe domeniul schiabil din jude\u021bul Hunedoara au \u00eenceput deja preg\u0103tirile pentru noul sezon de schi. \u00cen aceast\u0103 s\u0103pt\u0103m\u00e2n\u0103 vor demara reviziile la toate instala\u021biile pe cablu, iar din 15 noiembrie va \u00eencepe montarea tunurilor de z\u0103pad\u0103 pe p\u00e2rtii.<\/p>\n\n\n\n<figure class=\"wp-block-image size-large\"><img loading=\"lazy\" width=\"1024\" height=\"782\" src=\"https:\/\/ski-outdoor.ro\/ski\/wp-content\/uploads\/sites\/2\/2021\/10\/straja-tunuri-1024x782.jpeg\" alt=\"\" class=\"wp-image-18874\" srcset=\"https:\/\/ski-outdoor.ro\/ski\/wp-content\/uploads\/sites\/2\/2021\/10\/straja-tunuri-1024x782.jpeg 1024w, https:\/\/ski-outdoor.ro\/ski\/wp-content\/uploads\/sites\/2\/2021\/10\/straja-tunuri-300x229.jpeg 300w, https:\/\/ski-outdoor.ro\/ski\/wp-content\/uploads\/sites\/2\/2021\/10\/straja-tunuri-768x586.jpeg 768w, https:\/\/ski-outdoor.ro\/ski\/wp-content\/uploads\/sites\/2\/2021\/10\/straja-tunuri-1536x1172.jpeg 1536w, https:\/\/ski-outdoor.ro\/ski\/wp-content\/uploads\/sites\/2\/2021\/10\/straja-tunuri-370x282.jpeg 370w, https:\/\/ski-outdoor.ro\/ski\/wp-content\/uploads\/sites\/2\/2021\/10\/straja-tunuri-570x435.jpeg 570w, https:\/\/ski-outdoor.ro\/ski\/wp-content\/uploads\/sites\/2\/2021\/10\/straja-tunuri-770x588.jpeg 770w, https:\/\/ski-outdoor.ro\/ski\/wp-content\/uploads\/sites\/2\/2021\/10\/straja-tunuri-1170x893.jpeg 1170w, https:\/\/ski-outdoor.ro\/ski\/wp-content\/uploads\/sites\/2\/2021\/10\/straja-tunuri-760x580.jpeg 760w, https:\/\/ski-outdoor.ro\/ski\/wp-content\/uploads\/sites\/2\/2021\/10\/straja-tunuri.jpeg 2048w\" sizes=\"(max-width: 1024px) 100vw, 1024px\" \/><\/figure>\n\n\n\n<p>Administratorii \u00ee\u0219i doresc s\u0103 fie primii, \u0219i \u00een acest an, \u00een ceea ce prive\u0219te startul sezonului.<\/p>\n\n\n\n<blockquote class=\"wp-block-quote\"><p><em>\u201eNoi sper\u0103m, dac\u0103 \u021bin cu noi \u0219i temperaturile, s\u0103 deschidem la fel ca anul trecut la sf\u00e2r\u0219itul lunii noiembrie. De trei ani \u00eencoace suntem prima sta\u021biune care deschide sezonul de schi\u201d<\/em>, a declarat, pentru Ski&amp;Outdoor Magazine, Andrei Bunzac, reprezentant al administratorilor.<\/p><\/blockquote>\n\n\n\n<p>Pe iubitorii sporturilor de iarn\u0103 \u00eei a\u0219teapt\u0103 suprize \u00een aceast\u0103 iarn\u0103 la Straja.<\/p>\n\n\n\n<p>Administratorii au montat noi instala\u021bii de transport pe cablu, iar vestea bun\u0103 pentru turi\u0219ti este c\u0103 parcarea din partea de jos, de la telegondol\u0103, a fost modernizat\u0103 \u0219i asfaltat\u0103.<\/p>\n\n\n\n<figure class=\"wp-block-image size-large\"><img loading=\"lazy\" width=\"863\" height=\"844\" src=\"https:\/\/ski-outdoor.ro\/ski\/wp-content\/uploads\/sites\/2\/2021\/10\/straja-parcare.jpeg\" alt=\"\" class=\"wp-image-18873\" srcset=\"https:\/\/ski-outdoor.ro\/ski\/wp-content\/uploads\/sites\/2\/2021\/10\/straja-parcare.jpeg 863w, https:\/\/ski-outdoor.ro\/ski\/wp-content\/uploads\/sites\/2\/2021\/10\/straja-parcare-300x293.jpeg 300w, https:\/\/ski-outdoor.ro\/ski\/wp-content\/uploads\/sites\/2\/2021\/10\/straja-parcare-768x751.jpeg 768w, https:\/\/ski-outdoor.ro\/ski\/wp-content\/uploads\/sites\/2\/2021\/10\/straja-parcare-370x362.jpeg 370w, https:\/\/ski-outdoor.ro\/ski\/wp-content\/uploads\/sites\/2\/2021\/10\/straja-parcare-570x557.jpeg 570w, https:\/\/ski-outdoor.ro\/ski\/wp-content\/uploads\/sites\/2\/2021\/10\/straja-parcare-770x753.jpeg 770w, https:\/\/ski-outdoor.ro\/ski\/wp-content\/uploads\/sites\/2\/2021\/10\/straja-parcare-593x580.jpeg 593w\" sizes=\"(max-width: 863px) 100vw, 863px\" \/><\/figure>\n\n\n\n<p>De asemenea, au fost cump\u0103rate noi instala\u021bii de producere a z\u0103pezii.<\/p>\n\n\n\n<blockquote class=\"wp-block-quote\"><p><em>\u201eS-au achizi\u021bionat cinci tunuri de z\u0103pad\u0103, plus o rachet\u0103 de f\u0103cut de z\u0103pad\u0103, astfel c\u0103 se poate face mai mult\u0103 z\u0103pad\u0103. Acestea vor func\u021biona la capacitate maxim\u0103\u201d<\/em>, a mai spus Andrei Bunzac.<\/p><\/blockquote>\n\n\n\n<p>Tot pentru cre\u0219terea calit\u0103\u021bii z\u0103pezii, administratorii au mai achizi\u021bionat un ratrac nou.<\/p>\n\n\n\n<p>Una dintre suprizele noului sezon o reprezint\u0103 amenjarea unei p\u00e2rtii de sanie, prima din domeniul Straja, care va cobor\u00ee prin p\u0103dure \u0219i avea circa un kilometru lungime.<\/p>\n\n\n\n<figure class=\"wp-block-image size-large\"><img loading=\"lazy\" width=\"1024\" height=\"575\" src=\"https:\/\/ski-outdoor.ro\/ski\/wp-content\/uploads\/sites\/2\/2021\/10\/straja-2-1024x575.jpeg\" alt=\"\" class=\"wp-image-18872\" srcset=\"https:\/\/ski-outdoor.ro\/ski\/wp-content\/uploads\/sites\/2\/2021\/10\/straja-2-1024x575.jpeg 1024w, https:\/\/ski-outdoor.ro\/ski\/wp-content\/uploads\/sites\/2\/2021\/10\/straja-2-300x168.jpeg 300w, https:\/\/ski-outdoor.ro\/ski\/wp-content\/uploads\/sites\/2\/2021\/10\/straja-2-768x431.jpeg 768w, https:\/\/ski-outdoor.ro\/ski\/wp-content\/uploads\/sites\/2\/2021\/10\/straja-2-1536x863.jpeg 1536w, https:\/\/ski-outdoor.ro\/ski\/wp-content\/uploads\/sites\/2\/2021\/10\/straja-2-330x185.jpeg 330w, https:\/\/ski-outdoor.ro\/ski\/wp-content\/uploads\/sites\/2\/2021\/10\/straja-2-370x208.jpeg 370w, https:\/\/ski-outdoor.ro\/ski\/wp-content\/uploads\/sites\/2\/2021\/10\/straja-2-570x320.jpeg 570w, https:\/\/ski-outdoor.ro\/ski\/wp-content\/uploads\/sites\/2\/2021\/10\/straja-2-770x432.jpeg 770w, https:\/\/ski-outdoor.ro\/ski\/wp-content\/uploads\/sites\/2\/2021\/10\/straja-2-1170x657.jpeg 1170w, https:\/\/ski-outdoor.ro\/ski\/wp-content\/uploads\/sites\/2\/2021\/10\/straja-2-1033x580.jpeg 1033w, https:\/\/ski-outdoor.ro\/ski\/wp-content\/uploads\/sites\/2\/2021\/10\/straja-2.jpeg 2048w\" sizes=\"(max-width: 1024px) 100vw, 1024px\" \/><\/figure>\n\n\n\n<p>Domeniul schiabil Staja dispune de p\u00e2rtii de aproximativ 26 de kilometri lungime \u0219i de 11 instala\u021bii de transport pe cablu.<\/p>\n\n\n\n<p>Sunt amenajate 12 p\u00e2rtii de schi, fiecare echipat\u0103 cu instala\u0163ie de transport, iar cinci dintre acestea beneficiaz\u0103 \u015fi de instala\u0163ie de nocturn\u0103.<\/p>\n\n\n\n<p><em>Scris de: C\u0103lin Pop<\/em><\/p>\n\n\n\n<p><em>Foto: Sta\u021biunea Straja<\/em><\/p>\n","protected":false},"excerpt":{"rendered":"<p>Administratorii domeniului Straja vor s\u0103 p\u0103streze tradi\u021bia \u0219i s\u0103 r\u0103m\u00e2n\u0103 primii care deschid sezonul de schi. La fel ca anul&#8230;<\/p>\n","protected":false},"author":16,"featured_media":18871,"comment_status":"open","ping_status":"open","sticky":false,"template":"","format":"standard","meta":[],"categories":[2770],"tags":[5207,5206,117,155,451],"yoast_head":"<!-- This site is optimized with the Yoast SEO plugin v18.4.1 - https:\/\/yoast.com\/wordpress\/plugins\/seo\/ -->\n<title>Sezonul de schi se va deschide \u00een noiembrie la Straja, dac\u0103 vor permite temperaturile. Nout\u0103\u021bile acestei ierni - Ski Magazine<\/title>\n<meta name=\"description\" content=\"Administratorii domeniului Straja vor s\u0103 p\u0103streze tradi\u021bia \u0219i s\u0103 r\u0103m\u00e2n\u0103 primii care deschid sezonul de schi. La anul trecut, startul ar putea fi dat chiar \u00een luna noiembrie.\" \/>\n<meta name=\"robots\" content=\"index, follow, max-snippet:-1, max-image-preview:large, max-video-preview:-1\" \/>\n<link rel=\"canonical\" href=\"https:\/\/ski-outdoor.ro\/ski\/2021\/10\/25\/sezonul-de-schi-la-straja-se-deschide-in-noiembrie-noutaile-acestei-ierni\/\" \/>\n<meta property=\"og:locale\" content=\"ro_RO\" \/>\n<meta property=\"og:type\" content=\"article\" \/>\n<meta property=\"og:title\" content=\"Sezonul de schi se va deschide \u00een noiembrie la Straja, dac\u0103 vor permite temperaturile. Nout\u0103\u021bile acestei ierni - Ski Magazine\" \/>\n<meta property=\"og:description\" content=\"Administratorii domeniului Straja vor s\u0103 p\u0103streze tradi\u021bia \u0219i s\u0103 r\u0103m\u00e2n\u0103 primii care deschid sezonul de schi. La anul trecut, startul ar putea fi dat chiar \u00een luna noiembrie.\" \/>\n<meta property=\"og:url\" content=\"https:\/\/ski-outdoor.ro\/ski\/2021\/10\/25\/sezonul-de-schi-la-straja-se-deschide-in-noiembrie-noutaile-acestei-ierni\/\" \/>\n<meta property=\"og:site_name\" content=\"Ski Magazine\" \/>\n<meta property=\"article:published_time\" content=\"2021-10-25T05:06:54+00:00\" \/>\n<meta property=\"article:modified_time\" content=\"2021-10-25T07:42:30+00:00\" \/>\n<meta property=\"og:image\" content=\"https:\/\/ski-outdoor.ro\/ski\/wp-content\/uploads\/sites\/2\/2021\/10\/straja-1.jpg\" \/>\n\t<meta property=\"og:image:width\" content=\"847\" \/>\n\t<meta property=\"og:image:height\" content=\"477\" \/>\n\t<meta property=\"og:image:type\" content=\"image\/jpeg\" \/>\n<meta name=\"twitter:card\" content=\"summary_large_image\" \/>\n<meta name=\"twitter:label1\" content=\"Scris de\" \/>\n\t<meta name=\"twitter:data1\" content=\"Bianca \u0218omlea\" \/>\n\t<meta name=\"twitter:label2\" content=\"Timp estimat pentru citire\" \/>\n\t<meta name=\"twitter:data2\" content=\"2 minute\" \/>\n<script type=\"application\/ld+json\" class=\"yoast-schema-graph\">{\"@context\":\"https:\/\/schema.org\",\"@graph\":[{\"@type\":\"WebSite\",\"@id\":\"https:\/\/ski-outdoor.ro\/ski\/#website\",\"url\":\"https:\/\/ski-outdoor.ro\/ski\/\",\"name\":\"Ski Magazine\",\"description\":\"\",\"potentialAction\":[{\"@type\":\"SearchAction\",\"target\":{\"@type\":\"EntryPoint\",\"urlTemplate\":\"https:\/\/ski-outdoor.ro\/ski\/?s={search_term_string}\"},\"query-input\":\"required name=search_term_string\"}],\"inLanguage\":\"ro-RO\"},{\"@type\":\"ImageObject\",\"@id\":\"https:\/\/ski-outdoor.ro\/ski\/2021\/10\/25\/sezonul-de-schi-la-straja-se-deschide-in-noiembrie-noutaile-acestei-ierni\/#primaryimage\",\"inLanguage\":\"ro-RO\",\"url\":\"https:\/\/ski-outdoor.ro\/ski\/wp-content\/uploads\/sites\/2\/2021\/10\/straja-1.jpg\",\"contentUrl\":\"https:\/\/ski-outdoor.ro\/ski\/wp-content\/uploads\/sites\/2\/2021\/10\/straja-1.jpg\",\"width\":847,\"height\":477},{\"@type\":\"WebPage\",\"@id\":\"https:\/\/ski-outdoor.ro\/ski\/2021\/10\/25\/sezonul-de-schi-la-straja-se-deschide-in-noiembrie-noutaile-acestei-ierni\/#webpage\",\"url\":\"https:\/\/ski-outdoor.ro\/ski\/2021\/10\/25\/sezonul-de-schi-la-straja-se-deschide-in-noiembrie-noutaile-acestei-ierni\/\",\"name\":\"Sezonul de schi se va deschide \u00een noiembrie la Straja, dac\u0103 vor permite temperaturile. Nout\u0103\u021bile acestei ierni - Ski Magazine\",\"isPartOf\":{\"@id\":\"https:\/\/ski-outdoor.ro\/ski\/#website\"},\"primaryImageOfPage\":{\"@id\":\"https:\/\/ski-outdoor.ro\/ski\/2021\/10\/25\/sezonul-de-schi-la-straja-se-deschide-in-noiembrie-noutaile-acestei-ierni\/#primaryimage\"},\"datePublished\":\"2021-10-25T05:06:54+00:00\",\"dateModified\":\"2021-10-25T07:42:30+00:00\",\"author\":{\"@id\":\"https:\/\/ski-outdoor.ro\/ski\/#\/schema\/person\/29661f8d079aa10872d8edcf2a2a520b\"},\"description\":\"Administratorii domeniului Straja vor s\u0103 p\u0103streze tradi\u021bia \u0219i s\u0103 r\u0103m\u00e2n\u0103 primii care deschid sezonul de schi. La anul trecut, startul ar putea fi dat chiar \u00een luna noiembrie.\",\"breadcrumb\":{\"@id\":\"https:\/\/ski-outdoor.ro\/ski\/2021\/10\/25\/sezonul-de-schi-la-straja-se-deschide-in-noiembrie-noutaile-acestei-ierni\/#breadcrumb\"},\"inLanguage\":\"ro-RO\",\"potentialAction\":[{\"@type\":\"ReadAction\",\"target\":[\"https:\/\/ski-outdoor.ro\/ski\/2021\/10\/25\/sezonul-de-schi-la-straja-se-deschide-in-noiembrie-noutaile-acestei-ierni\/\"]}]},{\"@type\":\"BreadcrumbList\",\"@id\":\"https:\/\/ski-outdoor.ro\/ski\/2021\/10\/25\/sezonul-de-schi-la-straja-se-deschide-in-noiembrie-noutaile-acestei-ierni\/#breadcrumb\",\"itemListElement\":[{\"@type\":\"ListItem\",\"position\":1,\"name\":\"Home\",\"item\":\"https:\/\/ski-outdoor.ro\/ski\/\"},{\"@type\":\"ListItem\",\"position\":2,\"name\":\"Sezonul de schi se va deschide \u00een noiembrie la Straja, dac\u0103 vor permite temperaturile. Nout\u0103\u021bile acestei ierni\"}]},{\"@type\":\"Person\",\"@id\":\"https:\/\/ski-outdoor.ro\/ski\/#\/schema\/person\/29661f8d079aa10872d8edcf2a2a520b\",\"name\":\"Bianca \u0218omlea\",\"image\":{\"@type\":\"ImageObject\",\"@id\":\"https:\/\/ski-outdoor.ro\/ski\/#personlogo\",\"inLanguage\":\"ro-RO\",\"url\":\"https:\/\/secure.gravatar.com\/avatar\/b39a83203da3fc8888ded6e8052246ad?s=96&d=mm&r=g\",\"contentUrl\":\"https:\/\/secure.gravatar.com\/avatar\/b39a83203da3fc8888ded6e8052246ad?s=96&d=mm&r=g\",\"caption\":\"Bianca \u0218omlea\"},\"url\":\"https:\/\/ski-outdoor.ro\/ski\/author\/editorfb206\/\"}]}<\/script>\n<!-- \/ Yoast SEO plugin. -->","yoast_head_json":{"title":"Sezonul de schi se va deschide \u00een noiembrie la Straja, dac\u0103 vor permite temperaturile. Nout\u0103\u021bile acestei ierni - Ski Magazine","description":"Administratorii domeniului Straja vor s\u0103 p\u0103streze tradi\u021bia \u0219i s\u0103 r\u0103m\u00e2n\u0103 primii care deschid sezonul de schi. La anul trecut, startul ar putea fi dat chiar \u00een luna noiembrie.","robots":{"index":"index","follow":"follow","max-snippet":"max-snippet:-1","max-image-preview":"max-image-preview:large","max-video-preview":"max-video-preview:-1"},"canonical":"https:\/\/ski-outdoor.ro\/ski\/2021\/10\/25\/sezonul-de-schi-la-straja-se-deschide-in-noiembrie-noutaile-acestei-ierni\/","og_locale":"ro_RO","og_type":"article","og_title":"Sezonul de schi se va deschide \u00een noiembrie la Straja, dac\u0103 vor permite temperaturile. Nout\u0103\u021bile acestei ierni - Ski Magazine","og_description":"Administratorii domeniului Straja vor s\u0103 p\u0103streze tradi\u021bia \u0219i s\u0103 r\u0103m\u00e2n\u0103 primii care deschid sezonul de schi. La anul trecut, startul ar putea fi dat chiar \u00een luna noiembrie.","og_url":"https:\/\/ski-outdoor.ro\/ski\/2021\/10\/25\/sezonul-de-schi-la-straja-se-deschide-in-noiembrie-noutaile-acestei-ierni\/","og_site_name":"Ski Magazine","article_published_time":"2021-10-25T05:06:54+00:00","article_modified_time":"2021-10-25T07:42:30+00:00","og_image":[{"width":847,"height":477,"url":"https:\/\/ski-outdoor.ro\/ski\/wp-content\/uploads\/sites\/2\/2021\/10\/straja-1.jpg","type":"image\/jpeg"}],"twitter_card":"summary_large_image","twitter_misc":{"Scris de":"Bianca \u0218omlea","Timp estimat pentru citire":"2 minute"},"schema":{"@context":"https:\/\/schema.org","@graph":[{"@type":"WebSite","@id":"https:\/\/ski-outdoor.ro\/ski\/#website","url":"https:\/\/ski-outdoor.ro\/ski\/","name":"Ski Magazine","description":"","potentialAction":[{"@type":"SearchAction","target":{"@type":"EntryPoint","urlTemplate":"https:\/\/ski-outdoor.ro\/ski\/?s={search_term_string}"},"query-input":"required name=search_term_string"}],"inLanguage":"ro-RO"},{"@type":"ImageObject","@id":"https:\/\/ski-outdoor.ro\/ski\/2021\/10\/25\/sezonul-de-schi-la-straja-se-deschide-in-noiembrie-noutaile-acestei-ierni\/#primaryimage","inLanguage":"ro-RO","url":"https:\/\/ski-outdoor.ro\/ski\/wp-content\/uploads\/sites\/2\/2021\/10\/straja-1.jpg","contentUrl":"https:\/\/ski-outdoor.ro\/ski\/wp-content\/uploads\/sites\/2\/2021\/10\/straja-1.jpg","width":847,"height":477},{"@type":"WebPage","@id":"https:\/\/ski-outdoor.ro\/ski\/2021\/10\/25\/sezonul-de-schi-la-straja-se-deschide-in-noiembrie-noutaile-acestei-ierni\/#webpage","url":"https:\/\/ski-outdoor.ro\/ski\/2021\/10\/25\/sezonul-de-schi-la-straja-se-deschide-in-noiembrie-noutaile-acestei-ierni\/","name":"Sezonul de schi se va deschide \u00een noiembrie la Straja, dac\u0103 vor permite temperaturile. Nout\u0103\u021bile acestei ierni - Ski Magazine","isPartOf":{"@id":"https:\/\/ski-outdoor.ro\/ski\/#website"},"primaryImageOfPage":{"@id":"https:\/\/ski-outdoor.ro\/ski\/2021\/10\/25\/sezonul-de-schi-la-straja-se-deschide-in-noiembrie-noutaile-acestei-ierni\/#primaryimage"},"datePublished":"2021-10-25T05:06:54+00:00","dateModified":"2021-10-25T07:42:30+00:00","author":{"@id":"https:\/\/ski-outdoor.ro\/ski\/#\/schema\/person\/29661f8d079aa10872d8edcf2a2a520b"},"description":"Administratorii domeniului Straja vor s\u0103 p\u0103streze tradi\u021bia \u0219i s\u0103 r\u0103m\u00e2n\u0103 primii care deschid sezonul de schi. La anul trecut, startul ar putea fi dat chiar \u00een luna noiembrie.","breadcrumb":{"@id":"https:\/\/ski-outdoor.ro\/ski\/2021\/10\/25\/sezonul-de-schi-la-straja-se-deschide-in-noiembrie-noutaile-acestei-ierni\/#breadcrumb"},"inLanguage":"ro-RO","potentialAction":[{"@type":"ReadAction","target":["https:\/\/ski-outdoor.ro\/ski\/2021\/10\/25\/sezonul-de-schi-la-straja-se-deschide-in-noiembrie-noutaile-acestei-ierni\/"]}]},{"@type":"BreadcrumbList","@id":"https:\/\/ski-outdoor.ro\/ski\/2021\/10\/25\/sezonul-de-schi-la-straja-se-deschide-in-noiembrie-noutaile-acestei-ierni\/#breadcrumb","itemListElement":[{"@type":"ListItem","position":1,"name":"Home","item":"https:\/\/ski-outdoor.ro\/ski\/"},{"@type":"ListItem","position":2,"name":"Sezonul de schi se va deschide \u00een noiembrie la Straja, dac\u0103 vor permite temperaturile. Nout\u0103\u021bile acestei ierni"}]},{"@type":"Person","@id":"https:\/\/ski-outdoor.ro\/ski\/#\/schema\/person\/29661f8d079aa10872d8edcf2a2a520b","name":"Bianca \u0218omlea","image":{"@type":"ImageObject","@id":"https:\/\/ski-outdoor.ro\/ski\/#personlogo","inLanguage":"ro-RO","url":"https:\/\/secure.gravatar.com\/avatar\/b39a83203da3fc8888ded6e8052246ad?s=96&d=mm&r=g","contentUrl":"https:\/\/secure.gravatar.com\/avatar\/b39a83203da3fc8888ded6e8052246ad?s=96&d=mm&r=g","caption":"Bianca \u0218omlea"},"url":"https:\/\/ski-outdoor.ro\/ski\/author\/editorfb206\/"}]}},"_links":{"self":[{"href":"https:\/\/ski-outdoor.ro\/ski\/wp-json\/wp\/v2\/posts\/18870"}],"collection":[{"href":"https:\/\/ski-outdoor.ro\/ski\/wp-json\/wp\/v2\/posts"}],"about":[{"href":"https:\/\/ski-outdoor.ro\/ski\/wp-json\/wp\/v2\/types\/post"}],"author":[{"embeddable":true,"href":"https:\/\/ski-outdoor.ro\/ski\/wp-json\/wp\/v2\/users\/16"}],"replies":[{"embeddable":true,"href":"https:\/\/ski-outdoor.ro\/ski\/wp-json\/wp\/v2\/comments?post=18870"}],"version-history":[{"count":5,"href":"https:\/\/ski-outdoor.ro\/ski\/wp-json\/wp\/v2\/posts\/18870\/revisions"}],"predecessor-version":[{"id":18885,"href":"https:\/\/ski-outdoor.ro\/ski\/wp-json\/wp\/v2\/posts\/18870\/revisions\/18885"}],"wp:featuredmedia":[{"embeddable":true,"href":"https:\/\/ski-outdoor.ro\/ski\/wp-json\/wp\/v2\/media\/18871"}],"wp:attachment":[{"href":"https:\/\/ski-outdoor.ro\/ski\/wp-json\/wp\/v2\/media?parent=18870"}],"wp:term":[{"taxonomy":"category","embeddable":true,"href":"https:\/\/ski-outdoor.ro\/ski\/wp-json\/wp\/v2\/categories?post=18870"},{"taxonomy":"post_tag","embeddable":true,"href":"https:\/\/ski-outdoor.ro\/ski\/wp-json\/wp\/v2\/tags?post=18870"}],"curies":[{"name":"wp","href":"https:\/\/api.w.org\/{rel}","templated":true}]}}