{"id":19221,"date":"2021-11-26T15:45:45","date_gmt":"2021-11-26T15:45:45","guid":{"rendered":"https:\/\/ski-outdoor.ro\/ski\/?p=19221"},"modified":"2021-11-26T15:45:47","modified_gmt":"2021-11-26T15:45:47","slug":"sezonul-de-schi-la-arena-platos-se-deschide-in-4-decembrie-daca-temperaturile-raman-scazute","status":"publish","type":"post","link":"https:\/\/ski-outdoor.ro\/ski\/2021\/11\/26\/sezonul-de-schi-la-arena-platos-se-deschide-in-4-decembrie-daca-temperaturile-raman-scazute\/","title":{"rendered":"Sezonul de schi la Arena Plato\u0219 se deschide \u00een 4 decembrie, dac\u0103 temperaturile r\u0103m\u00e2n sc\u0103zute"},"content":{"rendered":"\n<p><strong>Dac\u0103 temperaturile r\u0103m\u00e2n sc\u0103zute, iar instala\u021biile de produs z\u0103pad\u0103 artificial\u0103 vor putea func\u021biona la capacitate maxim\u0103, sezonul de schi la Arena Plato\u0219, \u00een jude\u021bul Sibiu, se va deschide \u00een 4 decembrie. <\/strong><\/p>\n\n\n\n<p>De\u0219i prognoza meteorologic\u0103 nu este cea mai favorabil\u0103, administratorii de la Arena Plato\u0219 spun c\u0103 tunurile de z\u0103pad\u0103 vor porni \u00een cur\u00e2nd pentru a a\u0219terne primul strat de z\u0103pad\u0103 peste p\u00e2rtiile complexului. <\/p>\n\n\n\n<blockquote class=\"wp-block-quote\"><p><em>\u201e\u00cen cazul \u00een care temperaturile nu vor suferi modific\u0103ri majore, iar instala\u021biile vor putea func\u021biona la capacitate maxim\u0103, deschiderea preconizat\u0103 a noului sezon va fi \u00een data de 4 decembrie\u201d<\/em>, au transmis ace\u0219tia. <\/p><\/blockquote>\n\n\n\n<p>\u00cen timpul verii, aici s-au f\u0103cut lucr\u0103ri destinate unei mai bune func\u021bion\u0103ri a resortului. Astfel, a fost \u00eembun\u0103t\u0103\u021bit sistemul de producere a z\u0103pezii. Complexul are acum un punct trafo nou, cu o capacitate dubl\u0103, pompele de ap\u0103 au fost schimbate cu unele noi \u0219i de o capacitate mai mare. De asemenea, au fost achizi\u021bionate mai multe turnuri de r\u0103cire a apei din lac, care vor asigura producerea unei z\u0103pezi de calitate chiar dac\u0103 temperaturile nu vor fi ideale. <\/p>\n\n\n\n<blockquote class=\"wp-block-quote\"><p><em>\u201eAm cump\u0103rat \u00eenc\u0103 un ratrack pentru a spori eficien\u021ba \u00een preg\u0103tirea p\u00e2rtiilor \u0219i, \u00een acela\u0219i timp, pentru a men\u021bine acela\u0219i standard interna\u021bional cu care ne-am obi\u0219nuit clien\u021bii care vin s\u0103 schieze la Arena Plato\u0219 P\u0103ltini\u0219\u201d<\/em>, spune Dan Gherman, administratorul complexului. <\/p><\/blockquote>\n\n\n\n<h2>Apreski \u00een v\u00e2rful p\u00e2rtiilor<\/h2>\n\n\n\n<p>Cea mai mare surpriz\u0103 pentru turi\u0219ti va fi \u00eens\u0103 noul apreski, amplasat \u00een v\u00e2rful p\u00e2rtiilor B. Fostul iglu, cunoscut de toat\u0103 lumea ca \u0218naps, a fost \u00eenlocuit de un frate mai mic al apreski-ului de la baza p\u00e2rtiilor, botezat \u201eApresky\u201d. <\/p>\n\n\n\n<p>Construc\u021bia are un diametru de 12 metri \u0219i o teras\u0103 de aproape 200 de metri p\u0103tra\u021bi, cu o frumoas\u0103 panoram\u0103 asupra F\u0103g\u0103ra\u0219ilor. <\/p>\n\n\n\n<p>De anul acesta, \u00een cadrul complexului vor func\u021biona dou\u0103 \u0219coli de schi.<\/p>\n\n\n\n<figure class=\"wp-block-image size-large\"><img loading=\"lazy\" width=\"960\" height=\"540\" src=\"https:\/\/ski-outdoor.ro\/ski\/wp-content\/uploads\/sites\/2\/2021\/11\/arena-platos-1.jpg\" alt=\"\" class=\"wp-image-19223\" srcset=\"https:\/\/ski-outdoor.ro\/ski\/wp-content\/uploads\/sites\/2\/2021\/11\/arena-platos-1.jpg 960w, https:\/\/ski-outdoor.ro\/ski\/wp-content\/uploads\/sites\/2\/2021\/11\/arena-platos-1-300x169.jpg 300w, https:\/\/ski-outdoor.ro\/ski\/wp-content\/uploads\/sites\/2\/2021\/11\/arena-platos-1-768x432.jpg 768w, https:\/\/ski-outdoor.ro\/ski\/wp-content\/uploads\/sites\/2\/2021\/11\/arena-platos-1-330x185.jpg 330w, https:\/\/ski-outdoor.ro\/ski\/wp-content\/uploads\/sites\/2\/2021\/11\/arena-platos-1-370x208.jpg 370w, https:\/\/ski-outdoor.ro\/ski\/wp-content\/uploads\/sites\/2\/2021\/11\/arena-platos-1-570x321.jpg 570w, https:\/\/ski-outdoor.ro\/ski\/wp-content\/uploads\/sites\/2\/2021\/11\/arena-platos-1-770x433.jpg 770w\" sizes=\"(max-width: 960px) 100vw, 960px\" \/><\/figure>\n\n\n\n<p>De asemenea, a fost construit\u0103, \u00een paralel cu p\u00e2rtia E, o nou\u0103 p\u00e2rtie de s\u0103nii, de 250 de metri lungime, cu fluxuri separate de urcare \u0219i de cobor\u00e2re, pentru a evita aglomera\u021bia.<\/p>\n\n\n\n<p>\u00cen cadrul complexului este a\u0219teptat\u0103 \u0219i o nou\u0103 p\u00e2rtie.<\/p>\n\n\n\n<blockquote class=\"wp-block-quote\"><p><em>\u201eAm f\u0103cut \u0219i anul acesta absolut toate demersurile posibile pentru a construi noua p\u00e2rtie pe care ne-o dorim, deja, de 6 ani. Avem tot ce ne trebuie, am cump\u0103rat deja instala\u021bia de transport pe cablu, pe care suntem \u00eens\u0103 nevoi\u021bi s\u0103 o \u021binem depozitat\u0103, a\u0219tept\u00e2nd imposibilele avize cerute de institu\u021biile responsabile. Ne lipsesc doar c\u00e2teva h\u00e2rtii, pe care nu le putem ob\u021bine din cauza unor autorit\u0103\u021bi care nu vor s\u0103 vad\u0103 interesul public al acestei noi p\u00e2rtii\u201d<\/em>, mai spune Dan Gherman.\u00a0<\/p><\/blockquote>\n\n\n\n<p>Sezonul va \u00eencepe cu respectarea restric\u021biilor \u00een vigoare. Purtarea m\u0103\u0219tii \u00een interiorul complexului va fi obligatorie, la fel \u0219i p\u0103strarea distan\u021bei fa\u021b\u0103 de celelalte persoane. Accesul spre instala\u021biile de transport pe cablu va fi, ca \u0219i anul trecut, delimitat cu benzi pentru separarea fluxurilor de personae, iar pentru a evita cozile la casierii au fost deschise dou\u0103 noi puncte de v\u00e2nzare a skipass-urilor, \u00een centrul de \u00eenchiriere.<\/p>\n\n\n\n<blockquote class=\"wp-block-quote\"><p><em>\u201eRecomand\u0103m tuturor achizi\u021bionarea skipass-urilor online, pe site-ul\u00a0<a href=\"http:\/\/arenaplatos.ro\/\" target=\"_blank\" rel=\"noreferrer noopener\"><span class=\"has-inline-color has-vivid-cyan-blue-color\">arenaplatos.ro<\/span><\/a>. Skipass-urile pot fi inclusiv livrate prin curier, ceea ce \u00eenseamn\u0103 c\u0103 din parcare pute\u021bi intra direct pe p\u00e2rtie. Parcarea va fi, \u0219i anul acesta, gratuit\u0103 pe \u00eentreaga durat\u0103 a sezonului\u201d<\/em>, mai spune administratorul complexului.<\/p><\/blockquote>\n\n\n\n<p>Pre\u021burile skipass-urilor \u00een acest sezon variaz\u0103 \u00een func\u021bie de perioad\u0103. \u00cen perioada de v\u00e2rf de sezon, cartelele de zi sau de weekend vor costa 120 de lei pentru adul\u021bi, 115 pentru studen\u021bi \u0219i 100 pentru copii. \u00cen extrasezon, acestea vor costa \u00eentre 70 \u0219i 90 de lei.<\/p>\n\n\n\n<p><em>Scris de: C\u0103lin Pop<\/em><\/p>\n","protected":false},"excerpt":{"rendered":"<p>Dac\u0103 temperaturile r\u0103m\u00e2n sc\u0103zute, iar instala\u021biile de produs z\u0103pad\u0103 artificial\u0103 vor putea func\u021biona la capacitate maxim\u0103, sezonul de schi la&#8230;<\/p>\n","protected":false},"author":23,"featured_media":19222,"comment_status":"open","ping_status":"open","sticky":false,"template":"","format":"standard","meta":[],"categories":[2770],"tags":[5277,5276,1272,5169,5187],"yoast_head":"<!-- This site is optimized with the Yoast SEO plugin v18.4.1 - https:\/\/yoast.com\/wordpress\/plugins\/seo\/ -->\n<title>Sezonul de schi la Arena Plato\u0219 se deschide \u00een 4 decembrie, dac\u0103 temperaturile r\u0103m\u00e2n sc\u0103zute - Ski Magazine<\/title>\n<meta name=\"description\" content=\"Dac\u0103 temperaturile r\u0103m\u00e2n sc\u0103zute, sezonul de schi la Arena Plato\u0219, \u00een jude\u021bul Sibiu, se va deschide \u00een 4 decembrie.\" \/>\n<meta name=\"robots\" content=\"index, follow, max-snippet:-1, max-image-preview:large, max-video-preview:-1\" \/>\n<link rel=\"canonical\" href=\"https:\/\/ski-outdoor.ro\/ski\/2021\/11\/26\/sezonul-de-schi-la-arena-platos-se-deschide-in-4-decembrie-daca-temperaturile-raman-scazute\/\" \/>\n<meta property=\"og:locale\" content=\"ro_RO\" \/>\n<meta property=\"og:type\" content=\"article\" \/>\n<meta property=\"og:title\" content=\"Sezonul de schi la Arena Plato\u0219 se deschide \u00een 4 decembrie, dac\u0103 temperaturile r\u0103m\u00e2n sc\u0103zute - Ski Magazine\" \/>\n<meta property=\"og:description\" content=\"Dac\u0103 temperaturile r\u0103m\u00e2n sc\u0103zute, sezonul de schi la Arena Plato\u0219, \u00een jude\u021bul Sibiu, se va deschide \u00een 4 decembrie.\" \/>\n<meta property=\"og:url\" content=\"https:\/\/ski-outdoor.ro\/ski\/2021\/11\/26\/sezonul-de-schi-la-arena-platos-se-deschide-in-4-decembrie-daca-temperaturile-raman-scazute\/\" \/>\n<meta property=\"og:site_name\" content=\"Ski Magazine\" \/>\n<meta property=\"article:published_time\" content=\"2021-11-26T15:45:45+00:00\" \/>\n<meta property=\"article:modified_time\" content=\"2021-11-26T15:45:47+00:00\" \/>\n<meta property=\"og:image\" content=\"https:\/\/ski-outdoor.ro\/ski\/wp-content\/uploads\/sites\/2\/2021\/11\/arena-plastos-2.jpg\" \/>\n\t<meta property=\"og:image:width\" content=\"960\" \/>\n\t<meta property=\"og:image:height\" content=\"650\" \/>\n\t<meta property=\"og:image:type\" content=\"image\/jpeg\" \/>\n<meta name=\"twitter:card\" content=\"summary_large_image\" \/>\n<meta name=\"twitter:label1\" content=\"Scris de\" \/>\n\t<meta name=\"twitter:data1\" content=\"C\u0103lin Pop\" \/>\n\t<meta name=\"twitter:label2\" content=\"Timp estimat pentru citire\" \/>\n\t<meta name=\"twitter:data2\" content=\"3 minute\" \/>\n<script type=\"application\/ld+json\" class=\"yoast-schema-graph\">{\"@context\":\"https:\/\/schema.org\",\"@graph\":[{\"@type\":\"WebSite\",\"@id\":\"https:\/\/ski-outdoor.ro\/ski\/#website\",\"url\":\"https:\/\/ski-outdoor.ro\/ski\/\",\"name\":\"Ski Magazine\",\"description\":\"\",\"potentialAction\":[{\"@type\":\"SearchAction\",\"target\":{\"@type\":\"EntryPoint\",\"urlTemplate\":\"https:\/\/ski-outdoor.ro\/ski\/?s={search_term_string}\"},\"query-input\":\"required name=search_term_string\"}],\"inLanguage\":\"ro-RO\"},{\"@type\":\"ImageObject\",\"@id\":\"https:\/\/ski-outdoor.ro\/ski\/2021\/11\/26\/sezonul-de-schi-la-arena-platos-se-deschide-in-4-decembrie-daca-temperaturile-raman-scazute\/#primaryimage\",\"inLanguage\":\"ro-RO\",\"url\":\"https:\/\/ski-outdoor.ro\/ski\/wp-content\/uploads\/sites\/2\/2021\/11\/arena-plastos-2.jpg\",\"contentUrl\":\"https:\/\/ski-outdoor.ro\/ski\/wp-content\/uploads\/sites\/2\/2021\/11\/arena-plastos-2.jpg\",\"width\":960,\"height\":650},{\"@type\":\"WebPage\",\"@id\":\"https:\/\/ski-outdoor.ro\/ski\/2021\/11\/26\/sezonul-de-schi-la-arena-platos-se-deschide-in-4-decembrie-daca-temperaturile-raman-scazute\/#webpage\",\"url\":\"https:\/\/ski-outdoor.ro\/ski\/2021\/11\/26\/sezonul-de-schi-la-arena-platos-se-deschide-in-4-decembrie-daca-temperaturile-raman-scazute\/\",\"name\":\"Sezonul de schi la Arena Plato\u0219 se deschide \u00een 4 decembrie, dac\u0103 temperaturile r\u0103m\u00e2n sc\u0103zute - Ski Magazine\",\"isPartOf\":{\"@id\":\"https:\/\/ski-outdoor.ro\/ski\/#website\"},\"primaryImageOfPage\":{\"@id\":\"https:\/\/ski-outdoor.ro\/ski\/2021\/11\/26\/sezonul-de-schi-la-arena-platos-se-deschide-in-4-decembrie-daca-temperaturile-raman-scazute\/#primaryimage\"},\"datePublished\":\"2021-11-26T15:45:45+00:00\",\"dateModified\":\"2021-11-26T15:45:47+00:00\",\"author\":{\"@id\":\"https:\/\/ski-outdoor.ro\/ski\/#\/schema\/person\/3d8c2382a34197255067399194217080\"},\"description\":\"Dac\u0103 temperaturile r\u0103m\u00e2n sc\u0103zute, sezonul de schi la Arena Plato\u0219, \u00een jude\u021bul Sibiu, se va deschide \u00een 4 decembrie.\",\"breadcrumb\":{\"@id\":\"https:\/\/ski-outdoor.ro\/ski\/2021\/11\/26\/sezonul-de-schi-la-arena-platos-se-deschide-in-4-decembrie-daca-temperaturile-raman-scazute\/#breadcrumb\"},\"inLanguage\":\"ro-RO\",\"potentialAction\":[{\"@type\":\"ReadAction\",\"target\":[\"https:\/\/ski-outdoor.ro\/ski\/2021\/11\/26\/sezonul-de-schi-la-arena-platos-se-deschide-in-4-decembrie-daca-temperaturile-raman-scazute\/\"]}]},{\"@type\":\"BreadcrumbList\",\"@id\":\"https:\/\/ski-outdoor.ro\/ski\/2021\/11\/26\/sezonul-de-schi-la-arena-platos-se-deschide-in-4-decembrie-daca-temperaturile-raman-scazute\/#breadcrumb\",\"itemListElement\":[{\"@type\":\"ListItem\",\"position\":1,\"name\":\"Home\",\"item\":\"https:\/\/ski-outdoor.ro\/ski\/\"},{\"@type\":\"ListItem\",\"position\":2,\"name\":\"Sezonul de schi la Arena Plato\u0219 se deschide \u00een 4 decembrie, dac\u0103 temperaturile r\u0103m\u00e2n sc\u0103zute\"}]},{\"@type\":\"Person\",\"@id\":\"https:\/\/ski-outdoor.ro\/ski\/#\/schema\/person\/3d8c2382a34197255067399194217080\",\"name\":\"C\u0103lin Pop\",\"image\":{\"@type\":\"ImageObject\",\"@id\":\"https:\/\/ski-outdoor.ro\/ski\/#personlogo\",\"inLanguage\":\"ro-RO\",\"url\":\"https:\/\/secure.gravatar.com\/avatar\/44fa4e362161e127dec2a82f7585cbd5?s=96&d=mm&r=g\",\"contentUrl\":\"https:\/\/secure.gravatar.com\/avatar\/44fa4e362161e127dec2a82f7585cbd5?s=96&d=mm&r=g\",\"caption\":\"C\u0103lin Pop\"},\"url\":\"https:\/\/ski-outdoor.ro\/ski\/author\/calinpop\/\"}]}<\/script>\n<!-- \/ Yoast SEO plugin. -->","yoast_head_json":{"title":"Sezonul de schi la Arena Plato\u0219 se deschide \u00een 4 decembrie, dac\u0103 temperaturile r\u0103m\u00e2n sc\u0103zute - Ski Magazine","description":"Dac\u0103 temperaturile r\u0103m\u00e2n sc\u0103zute, sezonul de schi la Arena Plato\u0219, \u00een jude\u021bul Sibiu, se va deschide \u00een 4 decembrie.","robots":{"index":"index","follow":"follow","max-snippet":"max-snippet:-1","max-image-preview":"max-image-preview:large","max-video-preview":"max-video-preview:-1"},"canonical":"https:\/\/ski-outdoor.ro\/ski\/2021\/11\/26\/sezonul-de-schi-la-arena-platos-se-deschide-in-4-decembrie-daca-temperaturile-raman-scazute\/","og_locale":"ro_RO","og_type":"article","og_title":"Sezonul de schi la Arena Plato\u0219 se deschide \u00een 4 decembrie, dac\u0103 temperaturile r\u0103m\u00e2n sc\u0103zute - Ski Magazine","og_description":"Dac\u0103 temperaturile r\u0103m\u00e2n sc\u0103zute, sezonul de schi la Arena Plato\u0219, \u00een jude\u021bul Sibiu, se va deschide \u00een 4 decembrie.","og_url":"https:\/\/ski-outdoor.ro\/ski\/2021\/11\/26\/sezonul-de-schi-la-arena-platos-se-deschide-in-4-decembrie-daca-temperaturile-raman-scazute\/","og_site_name":"Ski Magazine","article_published_time":"2021-11-26T15:45:45+00:00","article_modified_time":"2021-11-26T15:45:47+00:00","og_image":[{"width":960,"height":650,"url":"https:\/\/ski-outdoor.ro\/ski\/wp-content\/uploads\/sites\/2\/2021\/11\/arena-plastos-2.jpg","type":"image\/jpeg"}],"twitter_card":"summary_large_image","twitter_misc":{"Scris de":"C\u0103lin Pop","Timp estimat pentru citire":"3 minute"},"schema":{"@context":"https:\/\/schema.org","@graph":[{"@type":"WebSite","@id":"https:\/\/ski-outdoor.ro\/ski\/#website","url":"https:\/\/ski-outdoor.ro\/ski\/","name":"Ski Magazine","description":"","potentialAction":[{"@type":"SearchAction","target":{"@type":"EntryPoint","urlTemplate":"https:\/\/ski-outdoor.ro\/ski\/?s={search_term_string}"},"query-input":"required name=search_term_string"}],"inLanguage":"ro-RO"},{"@type":"ImageObject","@id":"https:\/\/ski-outdoor.ro\/ski\/2021\/11\/26\/sezonul-de-schi-la-arena-platos-se-deschide-in-4-decembrie-daca-temperaturile-raman-scazute\/#primaryimage","inLanguage":"ro-RO","url":"https:\/\/ski-outdoor.ro\/ski\/wp-content\/uploads\/sites\/2\/2021\/11\/arena-plastos-2.jpg","contentUrl":"https:\/\/ski-outdoor.ro\/ski\/wp-content\/uploads\/sites\/2\/2021\/11\/arena-plastos-2.jpg","width":960,"height":650},{"@type":"WebPage","@id":"https:\/\/ski-outdoor.ro\/ski\/2021\/11\/26\/sezonul-de-schi-la-arena-platos-se-deschide-in-4-decembrie-daca-temperaturile-raman-scazute\/#webpage","url":"https:\/\/ski-outdoor.ro\/ski\/2021\/11\/26\/sezonul-de-schi-la-arena-platos-se-deschide-in-4-decembrie-daca-temperaturile-raman-scazute\/","name":"Sezonul de schi la Arena Plato\u0219 se deschide \u00een 4 decembrie, dac\u0103 temperaturile r\u0103m\u00e2n sc\u0103zute - Ski Magazine","isPartOf":{"@id":"https:\/\/ski-outdoor.ro\/ski\/#website"},"primaryImageOfPage":{"@id":"https:\/\/ski-outdoor.ro\/ski\/2021\/11\/26\/sezonul-de-schi-la-arena-platos-se-deschide-in-4-decembrie-daca-temperaturile-raman-scazute\/#primaryimage"},"datePublished":"2021-11-26T15:45:45+00:00","dateModified":"2021-11-26T15:45:47+00:00","author":{"@id":"https:\/\/ski-outdoor.ro\/ski\/#\/schema\/person\/3d8c2382a34197255067399194217080"},"description":"Dac\u0103 temperaturile r\u0103m\u00e2n sc\u0103zute, sezonul de schi la Arena Plato\u0219, \u00een jude\u021bul Sibiu, se va deschide \u00een 4 decembrie.","breadcrumb":{"@id":"https:\/\/ski-outdoor.ro\/ski\/2021\/11\/26\/sezonul-de-schi-la-arena-platos-se-deschide-in-4-decembrie-daca-temperaturile-raman-scazute\/#breadcrumb"},"inLanguage":"ro-RO","potentialAction":[{"@type":"ReadAction","target":["https:\/\/ski-outdoor.ro\/ski\/2021\/11\/26\/sezonul-de-schi-la-arena-platos-se-deschide-in-4-decembrie-daca-temperaturile-raman-scazute\/"]}]},{"@type":"BreadcrumbList","@id":"https:\/\/ski-outdoor.ro\/ski\/2021\/11\/26\/sezonul-de-schi-la-arena-platos-se-deschide-in-4-decembrie-daca-temperaturile-raman-scazute\/#breadcrumb","itemListElement":[{"@type":"ListItem","position":1,"name":"Home","item":"https:\/\/ski-outdoor.ro\/ski\/"},{"@type":"ListItem","position":2,"name":"Sezonul de schi la Arena Plato\u0219 se deschide \u00een 4 decembrie, dac\u0103 temperaturile r\u0103m\u00e2n sc\u0103zute"}]},{"@type":"Person","@id":"https:\/\/ski-outdoor.ro\/ski\/#\/schema\/person\/3d8c2382a34197255067399194217080","name":"C\u0103lin Pop","image":{"@type":"ImageObject","@id":"https:\/\/ski-outdoor.ro\/ski\/#personlogo","inLanguage":"ro-RO","url":"https:\/\/secure.gravatar.com\/avatar\/44fa4e362161e127dec2a82f7585cbd5?s=96&d=mm&r=g","contentUrl":"https:\/\/secure.gravatar.com\/avatar\/44fa4e362161e127dec2a82f7585cbd5?s=96&d=mm&r=g","caption":"C\u0103lin Pop"},"url":"https:\/\/ski-outdoor.ro\/ski\/author\/calinpop\/"}]}},"_links":{"self":[{"href":"https:\/\/ski-outdoor.ro\/ski\/wp-json\/wp\/v2\/posts\/19221"}],"collection":[{"href":"https:\/\/ski-outdoor.ro\/ski\/wp-json\/wp\/v2\/posts"}],"about":[{"href":"https:\/\/ski-outdoor.ro\/ski\/wp-json\/wp\/v2\/types\/post"}],"author":[{"embeddable":true,"href":"https:\/\/ski-outdoor.ro\/ski\/wp-json\/wp\/v2\/users\/23"}],"replies":[{"embeddable":true,"href":"https:\/\/ski-outdoor.ro\/ski\/wp-json\/wp\/v2\/comments?post=19221"}],"version-history":[{"count":5,"href":"https:\/\/ski-outdoor.ro\/ski\/wp-json\/wp\/v2\/posts\/19221\/revisions"}],"predecessor-version":[{"id":19228,"href":"https:\/\/ski-outdoor.ro\/ski\/wp-json\/wp\/v2\/posts\/19221\/revisions\/19228"}],"wp:featuredmedia":[{"embeddable":true,"href":"https:\/\/ski-outdoor.ro\/ski\/wp-json\/wp\/v2\/media\/19222"}],"wp:attachment":[{"href":"https:\/\/ski-outdoor.ro\/ski\/wp-json\/wp\/v2\/media?parent=19221"}],"wp:term":[{"taxonomy":"category","embeddable":true,"href":"https:\/\/ski-outdoor.ro\/ski\/wp-json\/wp\/v2\/categories?post=19221"},{"taxonomy":"post_tag","embeddable":true,"href":"https:\/\/ski-outdoor.ro\/ski\/wp-json\/wp\/v2\/tags?post=19221"}],"curies":[{"name":"wp","href":"https:\/\/api.w.org\/{rel}","templated":true}]}}