{"id":20904,"date":"2022-03-20T06:56:11","date_gmt":"2022-03-20T06:56:11","guid":{"rendered":"https:\/\/ski-outdoor.ro\/ski\/?p=20904"},"modified":"2022-03-20T06:56:34","modified_gmt":"2022-03-20T06:56:34","slug":"marco-odermatt-victorie-la-courchevel-meribel-elvetianul-a-castigat-globul-de-cristal-la-superg","status":"publish","type":"post","link":"https:\/\/ski-outdoor.ro\/ski\/2022\/03\/20\/marco-odermatt-victorie-la-courchevel-meribel-elvetianul-a-castigat-globul-de-cristal-la-superg\/","title":{"rendered":"Marco Odermatt, victorie la Courchevel\/Meribel. Elve\u021bianul a c\u00e2\u0219tigat Globul de cristal la SuperG"},"content":{"rendered":"<p><strong>Elve\u021bianul <\/strong><strong>Marco Odermatt<\/strong><strong> a c\u00e2\u0219tigat s\u00e2mb\u0103t\u0103 proba de SuperG de la <\/strong><strong>Courchevel\/Meribel<\/strong><strong>, Fran\u021ba, \u0219i a ob\u021binut astfel Globul de cristal la aceast\u0103 prob\u0103.<\/strong><\/p>\n<p>Marco Odermatt a \u00eencheiat pe podium acest sezon al Cupei Mondiale. El a ob\u021binut s\u00e2mb\u0103t\u0103 \u00een Fran\u021ba locul 1 la proba de SuperG, ultima la care a participat. Este a cincea victorie a elve\u021bianului \u00een probele de SuperG, el ob\u021bin\u00e2nd astfel \u0219i Globul de cristal al probei.<\/p>\n<p>Locul 2 i-a revenit s\u00e2mb\u0103t\u0103 norvegianului Lucas Braathen, iar pozi\u021bia a treia elve\u021bianului Loic Meillard.<\/p>\n<p><strong>Clasamentul final <\/strong><strong>la SuperG<\/strong><strong>:<\/strong><br \/>\n1. Marco Odermatt (Elve\u0163ia) 720 puncte<br \/>\n2. Henrik Kristoffersen (Norvegia) 453<br \/>\n3. Manuel Feller (Austria) 326.<\/p>\n<p>Marco Odermatt a ob\u021binut \u00een acest sezon \u0219i marele Glob de cristal. Detalii, <a href=\"https:\/\/ski-outdoor.ro\/ski\/2022\/03\/16\/marco-odermatt-a-castigat-cupa-mondiala-de-schi-alpin\/\">aici<\/a>.<\/p>\n<p>Duminic\u0103 este programat\u0103 \u00een Fran\u021ba ultima prob\u0103 masculin\u0103 a sezonului, cea de slalom.<\/p>\n<p><em>Scris de: C\u0103lin Pop<\/em><\/p>\n<p><em>Foto: Facebook\/<a href=\"https:\/\/www.facebook.com\/fisalpine\">FIS Alpine World Cup Tour<\/a><\/em><\/p>\n","protected":false},"excerpt":{"rendered":"<p>Elve\u021bianul Marco Odermatt a c\u00e2\u0219tigat s\u00e2mb\u0103t\u0103 proba de SuperG de la Courchevel\/Meribel, Fran\u021ba, \u0219i a ob\u021binut astfel Globul de cristal&#8230;<\/p>\n","protected":false},"author":23,"featured_media":19610,"comment_status":"open","ping_status":"open","sticky":false,"template":"","format":"standard","meta":[],"categories":[53],"tags":[5679,67,462,4685,1156],"yoast_head":"<!-- This site is optimized with the Yoast SEO plugin v18.4.1 - https:\/\/yoast.com\/wordpress\/plugins\/seo\/ -->\n<title>Marco Odermatt, victorie la Courchevel\/Meribel. Elve\u021bianul a c\u00e2\u0219tigat Globul de cristal la SuperG - Ski Magazine<\/title>\n<meta name=\"description\" content=\"Elve\u021bianul Marco Odermatt a c\u00e2\u0219tigat s\u00e2mb\u0103t\u0103 proba de SuperG de la Courchevel\/Meribel \u0219i a ob\u021binut Globul de cristal la aceast\u0103 prob\u0103.\" \/>\n<meta name=\"robots\" content=\"index, follow, max-snippet:-1, max-image-preview:large, max-video-preview:-1\" \/>\n<link rel=\"canonical\" href=\"https:\/\/ski-outdoor.ro\/ski\/2022\/03\/20\/marco-odermatt-victorie-la-courchevel-meribel-elvetianul-a-castigat-globul-de-cristal-la-superg\/\" \/>\n<meta property=\"og:locale\" content=\"ro_RO\" \/>\n<meta property=\"og:type\" content=\"article\" \/>\n<meta property=\"og:title\" content=\"Marco Odermatt, victorie la Courchevel\/Meribel. Elve\u021bianul a c\u00e2\u0219tigat Globul de cristal la SuperG - Ski Magazine\" \/>\n<meta property=\"og:description\" content=\"Elve\u021bianul Marco Odermatt a c\u00e2\u0219tigat s\u00e2mb\u0103t\u0103 proba de SuperG de la Courchevel\/Meribel \u0219i a ob\u021binut Globul de cristal la aceast\u0103 prob\u0103.\" \/>\n<meta property=\"og:url\" content=\"https:\/\/ski-outdoor.ro\/ski\/2022\/03\/20\/marco-odermatt-victorie-la-courchevel-meribel-elvetianul-a-castigat-globul-de-cristal-la-superg\/\" \/>\n<meta property=\"og:site_name\" content=\"Ski Magazine\" \/>\n<meta property=\"article:published_time\" content=\"2022-03-20T06:56:11+00:00\" \/>\n<meta property=\"article:modified_time\" content=\"2022-03-20T06:56:34+00:00\" \/>\n<meta property=\"og:image\" content=\"https:\/\/ski-outdoor.ro\/ski\/wp-content\/uploads\/sites\/2\/2021\/12\/Marco-Odermatt-2.jpg\" \/>\n\t<meta property=\"og:image:width\" content=\"960\" \/>\n\t<meta property=\"og:image:height\" content=\"693\" \/>\n\t<meta property=\"og:image:type\" content=\"image\/jpeg\" \/>\n<meta name=\"twitter:card\" content=\"summary_large_image\" \/>\n<meta name=\"twitter:label1\" content=\"Scris de\" \/>\n\t<meta name=\"twitter:data1\" content=\"C\u0103lin Pop\" \/>\n\t<meta name=\"twitter:label2\" content=\"Timp estimat pentru citire\" \/>\n\t<meta name=\"twitter:data2\" content=\"1 minut\" \/>\n<script type=\"application\/ld+json\" class=\"yoast-schema-graph\">{\"@context\":\"https:\/\/schema.org\",\"@graph\":[{\"@type\":\"WebSite\",\"@id\":\"https:\/\/ski-outdoor.ro\/ski\/#website\",\"url\":\"https:\/\/ski-outdoor.ro\/ski\/\",\"name\":\"Ski Magazine\",\"description\":\"\",\"potentialAction\":[{\"@type\":\"SearchAction\",\"target\":{\"@type\":\"EntryPoint\",\"urlTemplate\":\"https:\/\/ski-outdoor.ro\/ski\/?s={search_term_string}\"},\"query-input\":\"required name=search_term_string\"}],\"inLanguage\":\"ro-RO\"},{\"@type\":\"ImageObject\",\"@id\":\"https:\/\/ski-outdoor.ro\/ski\/2022\/03\/20\/marco-odermatt-victorie-la-courchevel-meribel-elvetianul-a-castigat-globul-de-cristal-la-superg\/#primaryimage\",\"inLanguage\":\"ro-RO\",\"url\":\"https:\/\/ski-outdoor.ro\/ski\/wp-content\/uploads\/sites\/2\/2021\/12\/Marco-Odermatt-2.jpg\",\"contentUrl\":\"https:\/\/ski-outdoor.ro\/ski\/wp-content\/uploads\/sites\/2\/2021\/12\/Marco-Odermatt-2.jpg\",\"width\":960,\"height\":693},{\"@type\":\"WebPage\",\"@id\":\"https:\/\/ski-outdoor.ro\/ski\/2022\/03\/20\/marco-odermatt-victorie-la-courchevel-meribel-elvetianul-a-castigat-globul-de-cristal-la-superg\/#webpage\",\"url\":\"https:\/\/ski-outdoor.ro\/ski\/2022\/03\/20\/marco-odermatt-victorie-la-courchevel-meribel-elvetianul-a-castigat-globul-de-cristal-la-superg\/\",\"name\":\"Marco Odermatt, victorie la Courchevel\/Meribel. Elve\u021bianul a c\u00e2\u0219tigat Globul de cristal la SuperG - Ski Magazine\",\"isPartOf\":{\"@id\":\"https:\/\/ski-outdoor.ro\/ski\/#website\"},\"primaryImageOfPage\":{\"@id\":\"https:\/\/ski-outdoor.ro\/ski\/2022\/03\/20\/marco-odermatt-victorie-la-courchevel-meribel-elvetianul-a-castigat-globul-de-cristal-la-superg\/#primaryimage\"},\"datePublished\":\"2022-03-20T06:56:11+00:00\",\"dateModified\":\"2022-03-20T06:56:34+00:00\",\"author\":{\"@id\":\"https:\/\/ski-outdoor.ro\/ski\/#\/schema\/person\/3d8c2382a34197255067399194217080\"},\"description\":\"Elve\u021bianul Marco Odermatt a c\u00e2\u0219tigat s\u00e2mb\u0103t\u0103 proba de SuperG de la Courchevel\/Meribel \u0219i a ob\u021binut Globul de cristal la aceast\u0103 prob\u0103.\",\"breadcrumb\":{\"@id\":\"https:\/\/ski-outdoor.ro\/ski\/2022\/03\/20\/marco-odermatt-victorie-la-courchevel-meribel-elvetianul-a-castigat-globul-de-cristal-la-superg\/#breadcrumb\"},\"inLanguage\":\"ro-RO\",\"potentialAction\":[{\"@type\":\"ReadAction\",\"target\":[\"https:\/\/ski-outdoor.ro\/ski\/2022\/03\/20\/marco-odermatt-victorie-la-courchevel-meribel-elvetianul-a-castigat-globul-de-cristal-la-superg\/\"]}]},{\"@type\":\"BreadcrumbList\",\"@id\":\"https:\/\/ski-outdoor.ro\/ski\/2022\/03\/20\/marco-odermatt-victorie-la-courchevel-meribel-elvetianul-a-castigat-globul-de-cristal-la-superg\/#breadcrumb\",\"itemListElement\":[{\"@type\":\"ListItem\",\"position\":1,\"name\":\"Home\",\"item\":\"https:\/\/ski-outdoor.ro\/ski\/\"},{\"@type\":\"ListItem\",\"position\":2,\"name\":\"Marco Odermatt, victorie la Courchevel\/Meribel. Elve\u021bianul a c\u00e2\u0219tigat Globul de cristal la SuperG\"}]},{\"@type\":\"Person\",\"@id\":\"https:\/\/ski-outdoor.ro\/ski\/#\/schema\/person\/3d8c2382a34197255067399194217080\",\"name\":\"C\u0103lin Pop\",\"image\":{\"@type\":\"ImageObject\",\"@id\":\"https:\/\/ski-outdoor.ro\/ski\/#personlogo\",\"inLanguage\":\"ro-RO\",\"url\":\"https:\/\/secure.gravatar.com\/avatar\/44fa4e362161e127dec2a82f7585cbd5?s=96&d=mm&r=g\",\"contentUrl\":\"https:\/\/secure.gravatar.com\/avatar\/44fa4e362161e127dec2a82f7585cbd5?s=96&d=mm&r=g\",\"caption\":\"C\u0103lin Pop\"},\"url\":\"https:\/\/ski-outdoor.ro\/ski\/author\/calinpop\/\"}]}<\/script>\n<!-- \/ Yoast SEO plugin. -->","yoast_head_json":{"title":"Marco Odermatt, victorie la Courchevel\/Meribel. Elve\u021bianul a c\u00e2\u0219tigat Globul de cristal la SuperG - Ski Magazine","description":"Elve\u021bianul Marco Odermatt a c\u00e2\u0219tigat s\u00e2mb\u0103t\u0103 proba de SuperG de la Courchevel\/Meribel \u0219i a ob\u021binut Globul de cristal la aceast\u0103 prob\u0103.","robots":{"index":"index","follow":"follow","max-snippet":"max-snippet:-1","max-image-preview":"max-image-preview:large","max-video-preview":"max-video-preview:-1"},"canonical":"https:\/\/ski-outdoor.ro\/ski\/2022\/03\/20\/marco-odermatt-victorie-la-courchevel-meribel-elvetianul-a-castigat-globul-de-cristal-la-superg\/","og_locale":"ro_RO","og_type":"article","og_title":"Marco Odermatt, victorie la Courchevel\/Meribel. Elve\u021bianul a c\u00e2\u0219tigat Globul de cristal la SuperG - Ski Magazine","og_description":"Elve\u021bianul Marco Odermatt a c\u00e2\u0219tigat s\u00e2mb\u0103t\u0103 proba de SuperG de la Courchevel\/Meribel \u0219i a ob\u021binut Globul de cristal la aceast\u0103 prob\u0103.","og_url":"https:\/\/ski-outdoor.ro\/ski\/2022\/03\/20\/marco-odermatt-victorie-la-courchevel-meribel-elvetianul-a-castigat-globul-de-cristal-la-superg\/","og_site_name":"Ski Magazine","article_published_time":"2022-03-20T06:56:11+00:00","article_modified_time":"2022-03-20T06:56:34+00:00","og_image":[{"width":960,"height":693,"url":"https:\/\/ski-outdoor.ro\/ski\/wp-content\/uploads\/sites\/2\/2021\/12\/Marco-Odermatt-2.jpg","type":"image\/jpeg"}],"twitter_card":"summary_large_image","twitter_misc":{"Scris de":"C\u0103lin Pop","Timp estimat pentru citire":"1 minut"},"schema":{"@context":"https:\/\/schema.org","@graph":[{"@type":"WebSite","@id":"https:\/\/ski-outdoor.ro\/ski\/#website","url":"https:\/\/ski-outdoor.ro\/ski\/","name":"Ski Magazine","description":"","potentialAction":[{"@type":"SearchAction","target":{"@type":"EntryPoint","urlTemplate":"https:\/\/ski-outdoor.ro\/ski\/?s={search_term_string}"},"query-input":"required name=search_term_string"}],"inLanguage":"ro-RO"},{"@type":"ImageObject","@id":"https:\/\/ski-outdoor.ro\/ski\/2022\/03\/20\/marco-odermatt-victorie-la-courchevel-meribel-elvetianul-a-castigat-globul-de-cristal-la-superg\/#primaryimage","inLanguage":"ro-RO","url":"https:\/\/ski-outdoor.ro\/ski\/wp-content\/uploads\/sites\/2\/2021\/12\/Marco-Odermatt-2.jpg","contentUrl":"https:\/\/ski-outdoor.ro\/ski\/wp-content\/uploads\/sites\/2\/2021\/12\/Marco-Odermatt-2.jpg","width":960,"height":693},{"@type":"WebPage","@id":"https:\/\/ski-outdoor.ro\/ski\/2022\/03\/20\/marco-odermatt-victorie-la-courchevel-meribel-elvetianul-a-castigat-globul-de-cristal-la-superg\/#webpage","url":"https:\/\/ski-outdoor.ro\/ski\/2022\/03\/20\/marco-odermatt-victorie-la-courchevel-meribel-elvetianul-a-castigat-globul-de-cristal-la-superg\/","name":"Marco Odermatt, victorie la Courchevel\/Meribel. Elve\u021bianul a c\u00e2\u0219tigat Globul de cristal la SuperG - Ski Magazine","isPartOf":{"@id":"https:\/\/ski-outdoor.ro\/ski\/#website"},"primaryImageOfPage":{"@id":"https:\/\/ski-outdoor.ro\/ski\/2022\/03\/20\/marco-odermatt-victorie-la-courchevel-meribel-elvetianul-a-castigat-globul-de-cristal-la-superg\/#primaryimage"},"datePublished":"2022-03-20T06:56:11+00:00","dateModified":"2022-03-20T06:56:34+00:00","author":{"@id":"https:\/\/ski-outdoor.ro\/ski\/#\/schema\/person\/3d8c2382a34197255067399194217080"},"description":"Elve\u021bianul Marco Odermatt a c\u00e2\u0219tigat s\u00e2mb\u0103t\u0103 proba de SuperG de la Courchevel\/Meribel \u0219i a ob\u021binut Globul de cristal la aceast\u0103 prob\u0103.","breadcrumb":{"@id":"https:\/\/ski-outdoor.ro\/ski\/2022\/03\/20\/marco-odermatt-victorie-la-courchevel-meribel-elvetianul-a-castigat-globul-de-cristal-la-superg\/#breadcrumb"},"inLanguage":"ro-RO","potentialAction":[{"@type":"ReadAction","target":["https:\/\/ski-outdoor.ro\/ski\/2022\/03\/20\/marco-odermatt-victorie-la-courchevel-meribel-elvetianul-a-castigat-globul-de-cristal-la-superg\/"]}]},{"@type":"BreadcrumbList","@id":"https:\/\/ski-outdoor.ro\/ski\/2022\/03\/20\/marco-odermatt-victorie-la-courchevel-meribel-elvetianul-a-castigat-globul-de-cristal-la-superg\/#breadcrumb","itemListElement":[{"@type":"ListItem","position":1,"name":"Home","item":"https:\/\/ski-outdoor.ro\/ski\/"},{"@type":"ListItem","position":2,"name":"Marco Odermatt, victorie la Courchevel\/Meribel. Elve\u021bianul a c\u00e2\u0219tigat Globul de cristal la SuperG"}]},{"@type":"Person","@id":"https:\/\/ski-outdoor.ro\/ski\/#\/schema\/person\/3d8c2382a34197255067399194217080","name":"C\u0103lin Pop","image":{"@type":"ImageObject","@id":"https:\/\/ski-outdoor.ro\/ski\/#personlogo","inLanguage":"ro-RO","url":"https:\/\/secure.gravatar.com\/avatar\/44fa4e362161e127dec2a82f7585cbd5?s=96&d=mm&r=g","contentUrl":"https:\/\/secure.gravatar.com\/avatar\/44fa4e362161e127dec2a82f7585cbd5?s=96&d=mm&r=g","caption":"C\u0103lin Pop"},"url":"https:\/\/ski-outdoor.ro\/ski\/author\/calinpop\/"}]}},"_links":{"self":[{"href":"https:\/\/ski-outdoor.ro\/ski\/wp-json\/wp\/v2\/posts\/20904"}],"collection":[{"href":"https:\/\/ski-outdoor.ro\/ski\/wp-json\/wp\/v2\/posts"}],"about":[{"href":"https:\/\/ski-outdoor.ro\/ski\/wp-json\/wp\/v2\/types\/post"}],"author":[{"embeddable":true,"href":"https:\/\/ski-outdoor.ro\/ski\/wp-json\/wp\/v2\/users\/23"}],"replies":[{"embeddable":true,"href":"https:\/\/ski-outdoor.ro\/ski\/wp-json\/wp\/v2\/comments?post=20904"}],"version-history":[{"count":2,"href":"https:\/\/ski-outdoor.ro\/ski\/wp-json\/wp\/v2\/posts\/20904\/revisions"}],"predecessor-version":[{"id":20906,"href":"https:\/\/ski-outdoor.ro\/ski\/wp-json\/wp\/v2\/posts\/20904\/revisions\/20906"}],"wp:featuredmedia":[{"embeddable":true,"href":"https:\/\/ski-outdoor.ro\/ski\/wp-json\/wp\/v2\/media\/19610"}],"wp:attachment":[{"href":"https:\/\/ski-outdoor.ro\/ski\/wp-json\/wp\/v2\/media?parent=20904"}],"wp:term":[{"taxonomy":"category","embeddable":true,"href":"https:\/\/ski-outdoor.ro\/ski\/wp-json\/wp\/v2\/categories?post=20904"},{"taxonomy":"post_tag","embeddable":true,"href":"https:\/\/ski-outdoor.ro\/ski\/wp-json\/wp\/v2\/tags?post=20904"}],"curies":[{"name":"wp","href":"https:\/\/api.w.org\/{rel}","templated":true}]}}