{"id":21327,"date":"2022-09-22T07:30:49","date_gmt":"2022-09-22T05:30:49","guid":{"rendered":"https:\/\/ski-outdoor.ro\/ski\/?p=21327"},"modified":"2022-09-22T07:30:49","modified_gmt":"2022-09-22T05:30:49","slug":"fis-nu-exclude-anularea-unor-concursuri-din-cauza-crizei-energetice","status":"publish","type":"post","link":"https:\/\/ski-outdoor.ro\/ski\/2022\/09\/22\/fis-nu-exclude-anularea-unor-concursuri-din-cauza-crizei-energetice\/","title":{"rendered":"FIS nu exclude anularea unor concursuri din cauza crizei energetice"},"content":{"rendered":"<p><strong>Federa\u021bia Interna\u021bional\u0103 de Schi (FIS) nu exclude anularea unor concursuri din acest sezon din cauza crizei energetice.<\/strong><\/p>\n<p>Secretarul general al Federa\u021biei Interna\u021bionale de Schi Michel Vion a spus, \u00een cadrul unei discu\u021bii la Forumul Nordicum de la Kranjska Gora, Slovenia, c\u0103 nu este exlus\u0103 posibilitatea ca organizatorii curselor din Cupa Mondial\u0103 de schi nordic \u0219i alpin s\u0103 fie nevoi\u021bi s\u0103 anuleze unele competi\u021bii din cauza crizei energetice.<\/p>\n<p>Oficialul a ar\u0103tat c\u0103 federa\u021bia nu are un plan B pentru aceast\u0103 situa\u021bie.<\/p>\n<blockquote><p><em>\u201eProblemele legate de produc\u021bia de z\u0103pad\u0103 artificial\u0103 \u0219i de evenimentele care se desf\u0103\u0219oar\u0103 sub lumina reflectoarelor sunt bine cunoscute. Nu este u\u0219or atunci c\u00e2nd oamenii trebuie s\u0103 economiseasc\u0103 ap\u0103 \u0219i electricitate\u201d<\/em>, a spus Vion, citat de <a href=\"https:\/\/slovenia.postsen.com\/trends\/30043\/Bad-outlook-the-energy-crisis-could-also-hit-sports-competitions.html\" target=\"_blank\" rel=\"noopener\">slovenia.postsen.com<\/a>.<\/p><\/blockquote>\n<p>FIS va decide, \u00een caz de necessitate, relocarea sau anularea unor concursuri, \u015fi sper\u0103 s\u0103 gestioneze \u00eentr-un mod satisf\u0103c\u0103tor probleme ap\u0103rute din cauza crizei energetic\u0103.<\/p>\n<p><em>Scris de: C\u0103lin Pop<\/em><\/p>\n","protected":false},"excerpt":{"rendered":"<p>Federa\u021bia Interna\u021bional\u0103 de Schi (FIS) nu exclude anularea unor concursuri din acest sezon din cauza crizei energetice. Secretarul general al&#8230;<\/p>\n","protected":false},"author":23,"featured_media":20683,"comment_status":"closed","ping_status":"closed","sticky":false,"template":"","format":"standard","meta":[],"categories":[2770],"tags":[5729,2958,5728,1541,5730],"yoast_head":"<!-- This site is optimized with the Yoast SEO plugin v18.4.1 - https:\/\/yoast.com\/wordpress\/plugins\/seo\/ -->\n<title>FIS nu exclude anularea unor concursuri din cauza crizei energetice - Ski Magazine<\/title>\n<meta name=\"description\" content=\"Federa\u021bia Interna\u021bional\u0103 de Schi (FIS) nu exclude anularea unor concursuri din acest sezon din cauza crizei energetice.\" \/>\n<meta name=\"robots\" content=\"index, follow, max-snippet:-1, max-image-preview:large, max-video-preview:-1\" \/>\n<link rel=\"canonical\" href=\"https:\/\/ski-outdoor.ro\/ski\/2022\/09\/22\/fis-nu-exclude-anularea-unor-concursuri-din-cauza-crizei-energetice\/\" \/>\n<meta property=\"og:locale\" content=\"ro_RO\" \/>\n<meta property=\"og:type\" content=\"article\" \/>\n<meta property=\"og:title\" content=\"FIS nu exclude anularea unor concursuri din cauza crizei energetice - Ski Magazine\" \/>\n<meta property=\"og:description\" content=\"Federa\u021bia Interna\u021bional\u0103 de Schi (FIS) nu exclude anularea unor concursuri din acest sezon din cauza crizei energetice.\" \/>\n<meta property=\"og:url\" content=\"https:\/\/ski-outdoor.ro\/ski\/2022\/09\/22\/fis-nu-exclude-anularea-unor-concursuri-din-cauza-crizei-energetice\/\" \/>\n<meta property=\"og:site_name\" content=\"Ski Magazine\" \/>\n<meta property=\"article:published_time\" content=\"2022-09-22T05:30:49+00:00\" \/>\n<meta property=\"og:image\" content=\"https:\/\/ski-outdoor.ro\/ski\/wp-content\/uploads\/sites\/2\/2022\/02\/fis.jpg\" \/>\n\t<meta property=\"og:image:width\" content=\"960\" \/>\n\t<meta property=\"og:image:height\" content=\"960\" \/>\n\t<meta property=\"og:image:type\" content=\"image\/jpeg\" \/>\n<meta name=\"twitter:card\" content=\"summary_large_image\" \/>\n<meta name=\"twitter:label1\" content=\"Scris de\" \/>\n\t<meta name=\"twitter:data1\" content=\"C\u0103lin Pop\" \/>\n\t<meta name=\"twitter:label2\" content=\"Timp estimat pentru citire\" \/>\n\t<meta name=\"twitter:data2\" content=\"1 minut\" \/>\n<script type=\"application\/ld+json\" class=\"yoast-schema-graph\">{\"@context\":\"https:\/\/schema.org\",\"@graph\":[{\"@type\":\"WebSite\",\"@id\":\"https:\/\/ski-outdoor.ro\/ski\/#website\",\"url\":\"https:\/\/ski-outdoor.ro\/ski\/\",\"name\":\"Ski Magazine\",\"description\":\"\",\"potentialAction\":[{\"@type\":\"SearchAction\",\"target\":{\"@type\":\"EntryPoint\",\"urlTemplate\":\"https:\/\/ski-outdoor.ro\/ski\/?s={search_term_string}\"},\"query-input\":\"required name=search_term_string\"}],\"inLanguage\":\"ro-RO\"},{\"@type\":\"ImageObject\",\"@id\":\"https:\/\/ski-outdoor.ro\/ski\/2022\/09\/22\/fis-nu-exclude-anularea-unor-concursuri-din-cauza-crizei-energetice\/#primaryimage\",\"inLanguage\":\"ro-RO\",\"url\":\"https:\/\/ski-outdoor.ro\/ski\/wp-content\/uploads\/sites\/2\/2022\/02\/fis.jpg\",\"contentUrl\":\"https:\/\/ski-outdoor.ro\/ski\/wp-content\/uploads\/sites\/2\/2022\/02\/fis.jpg\",\"width\":960,\"height\":960},{\"@type\":\"WebPage\",\"@id\":\"https:\/\/ski-outdoor.ro\/ski\/2022\/09\/22\/fis-nu-exclude-anularea-unor-concursuri-din-cauza-crizei-energetice\/#webpage\",\"url\":\"https:\/\/ski-outdoor.ro\/ski\/2022\/09\/22\/fis-nu-exclude-anularea-unor-concursuri-din-cauza-crizei-energetice\/\",\"name\":\"FIS nu exclude anularea unor concursuri din cauza crizei energetice - Ski Magazine\",\"isPartOf\":{\"@id\":\"https:\/\/ski-outdoor.ro\/ski\/#website\"},\"primaryImageOfPage\":{\"@id\":\"https:\/\/ski-outdoor.ro\/ski\/2022\/09\/22\/fis-nu-exclude-anularea-unor-concursuri-din-cauza-crizei-energetice\/#primaryimage\"},\"datePublished\":\"2022-09-22T05:30:49+00:00\",\"dateModified\":\"2022-09-22T05:30:49+00:00\",\"author\":{\"@id\":\"https:\/\/ski-outdoor.ro\/ski\/#\/schema\/person\/3d8c2382a34197255067399194217080\"},\"description\":\"Federa\u021bia Interna\u021bional\u0103 de Schi (FIS) nu exclude anularea unor concursuri din acest sezon din cauza crizei energetice.\",\"breadcrumb\":{\"@id\":\"https:\/\/ski-outdoor.ro\/ski\/2022\/09\/22\/fis-nu-exclude-anularea-unor-concursuri-din-cauza-crizei-energetice\/#breadcrumb\"},\"inLanguage\":\"ro-RO\",\"potentialAction\":[{\"@type\":\"ReadAction\",\"target\":[\"https:\/\/ski-outdoor.ro\/ski\/2022\/09\/22\/fis-nu-exclude-anularea-unor-concursuri-din-cauza-crizei-energetice\/\"]}]},{\"@type\":\"BreadcrumbList\",\"@id\":\"https:\/\/ski-outdoor.ro\/ski\/2022\/09\/22\/fis-nu-exclude-anularea-unor-concursuri-din-cauza-crizei-energetice\/#breadcrumb\",\"itemListElement\":[{\"@type\":\"ListItem\",\"position\":1,\"name\":\"Home\",\"item\":\"https:\/\/ski-outdoor.ro\/ski\/\"},{\"@type\":\"ListItem\",\"position\":2,\"name\":\"FIS nu exclude anularea unor concursuri din cauza crizei energetice\"}]},{\"@type\":\"Person\",\"@id\":\"https:\/\/ski-outdoor.ro\/ski\/#\/schema\/person\/3d8c2382a34197255067399194217080\",\"name\":\"C\u0103lin Pop\",\"image\":{\"@type\":\"ImageObject\",\"@id\":\"https:\/\/ski-outdoor.ro\/ski\/#personlogo\",\"inLanguage\":\"ro-RO\",\"url\":\"https:\/\/secure.gravatar.com\/avatar\/44fa4e362161e127dec2a82f7585cbd5?s=96&d=mm&r=g\",\"contentUrl\":\"https:\/\/secure.gravatar.com\/avatar\/44fa4e362161e127dec2a82f7585cbd5?s=96&d=mm&r=g\",\"caption\":\"C\u0103lin Pop\"},\"url\":\"https:\/\/ski-outdoor.ro\/ski\/author\/calinpop\/\"}]}<\/script>\n<!-- \/ Yoast SEO plugin. -->","yoast_head_json":{"title":"FIS nu exclude anularea unor concursuri din cauza crizei energetice - Ski Magazine","description":"Federa\u021bia Interna\u021bional\u0103 de Schi (FIS) nu exclude anularea unor concursuri din acest sezon din cauza crizei energetice.","robots":{"index":"index","follow":"follow","max-snippet":"max-snippet:-1","max-image-preview":"max-image-preview:large","max-video-preview":"max-video-preview:-1"},"canonical":"https:\/\/ski-outdoor.ro\/ski\/2022\/09\/22\/fis-nu-exclude-anularea-unor-concursuri-din-cauza-crizei-energetice\/","og_locale":"ro_RO","og_type":"article","og_title":"FIS nu exclude anularea unor concursuri din cauza crizei energetice - Ski Magazine","og_description":"Federa\u021bia Interna\u021bional\u0103 de Schi (FIS) nu exclude anularea unor concursuri din acest sezon din cauza crizei energetice.","og_url":"https:\/\/ski-outdoor.ro\/ski\/2022\/09\/22\/fis-nu-exclude-anularea-unor-concursuri-din-cauza-crizei-energetice\/","og_site_name":"Ski Magazine","article_published_time":"2022-09-22T05:30:49+00:00","og_image":[{"width":960,"height":960,"url":"https:\/\/ski-outdoor.ro\/ski\/wp-content\/uploads\/sites\/2\/2022\/02\/fis.jpg","type":"image\/jpeg"}],"twitter_card":"summary_large_image","twitter_misc":{"Scris de":"C\u0103lin Pop","Timp estimat pentru citire":"1 minut"},"schema":{"@context":"https:\/\/schema.org","@graph":[{"@type":"WebSite","@id":"https:\/\/ski-outdoor.ro\/ski\/#website","url":"https:\/\/ski-outdoor.ro\/ski\/","name":"Ski Magazine","description":"","potentialAction":[{"@type":"SearchAction","target":{"@type":"EntryPoint","urlTemplate":"https:\/\/ski-outdoor.ro\/ski\/?s={search_term_string}"},"query-input":"required name=search_term_string"}],"inLanguage":"ro-RO"},{"@type":"ImageObject","@id":"https:\/\/ski-outdoor.ro\/ski\/2022\/09\/22\/fis-nu-exclude-anularea-unor-concursuri-din-cauza-crizei-energetice\/#primaryimage","inLanguage":"ro-RO","url":"https:\/\/ski-outdoor.ro\/ski\/wp-content\/uploads\/sites\/2\/2022\/02\/fis.jpg","contentUrl":"https:\/\/ski-outdoor.ro\/ski\/wp-content\/uploads\/sites\/2\/2022\/02\/fis.jpg","width":960,"height":960},{"@type":"WebPage","@id":"https:\/\/ski-outdoor.ro\/ski\/2022\/09\/22\/fis-nu-exclude-anularea-unor-concursuri-din-cauza-crizei-energetice\/#webpage","url":"https:\/\/ski-outdoor.ro\/ski\/2022\/09\/22\/fis-nu-exclude-anularea-unor-concursuri-din-cauza-crizei-energetice\/","name":"FIS nu exclude anularea unor concursuri din cauza crizei energetice - Ski Magazine","isPartOf":{"@id":"https:\/\/ski-outdoor.ro\/ski\/#website"},"primaryImageOfPage":{"@id":"https:\/\/ski-outdoor.ro\/ski\/2022\/09\/22\/fis-nu-exclude-anularea-unor-concursuri-din-cauza-crizei-energetice\/#primaryimage"},"datePublished":"2022-09-22T05:30:49+00:00","dateModified":"2022-09-22T05:30:49+00:00","author":{"@id":"https:\/\/ski-outdoor.ro\/ski\/#\/schema\/person\/3d8c2382a34197255067399194217080"},"description":"Federa\u021bia Interna\u021bional\u0103 de Schi (FIS) nu exclude anularea unor concursuri din acest sezon din cauza crizei energetice.","breadcrumb":{"@id":"https:\/\/ski-outdoor.ro\/ski\/2022\/09\/22\/fis-nu-exclude-anularea-unor-concursuri-din-cauza-crizei-energetice\/#breadcrumb"},"inLanguage":"ro-RO","potentialAction":[{"@type":"ReadAction","target":["https:\/\/ski-outdoor.ro\/ski\/2022\/09\/22\/fis-nu-exclude-anularea-unor-concursuri-din-cauza-crizei-energetice\/"]}]},{"@type":"BreadcrumbList","@id":"https:\/\/ski-outdoor.ro\/ski\/2022\/09\/22\/fis-nu-exclude-anularea-unor-concursuri-din-cauza-crizei-energetice\/#breadcrumb","itemListElement":[{"@type":"ListItem","position":1,"name":"Home","item":"https:\/\/ski-outdoor.ro\/ski\/"},{"@type":"ListItem","position":2,"name":"FIS nu exclude anularea unor concursuri din cauza crizei energetice"}]},{"@type":"Person","@id":"https:\/\/ski-outdoor.ro\/ski\/#\/schema\/person\/3d8c2382a34197255067399194217080","name":"C\u0103lin Pop","image":{"@type":"ImageObject","@id":"https:\/\/ski-outdoor.ro\/ski\/#personlogo","inLanguage":"ro-RO","url":"https:\/\/secure.gravatar.com\/avatar\/44fa4e362161e127dec2a82f7585cbd5?s=96&d=mm&r=g","contentUrl":"https:\/\/secure.gravatar.com\/avatar\/44fa4e362161e127dec2a82f7585cbd5?s=96&d=mm&r=g","caption":"C\u0103lin Pop"},"url":"https:\/\/ski-outdoor.ro\/ski\/author\/calinpop\/"}]}},"_links":{"self":[{"href":"https:\/\/ski-outdoor.ro\/ski\/wp-json\/wp\/v2\/posts\/21327"}],"collection":[{"href":"https:\/\/ski-outdoor.ro\/ski\/wp-json\/wp\/v2\/posts"}],"about":[{"href":"https:\/\/ski-outdoor.ro\/ski\/wp-json\/wp\/v2\/types\/post"}],"author":[{"embeddable":true,"href":"https:\/\/ski-outdoor.ro\/ski\/wp-json\/wp\/v2\/users\/23"}],"replies":[{"embeddable":true,"href":"https:\/\/ski-outdoor.ro\/ski\/wp-json\/wp\/v2\/comments?post=21327"}],"version-history":[{"count":1,"href":"https:\/\/ski-outdoor.ro\/ski\/wp-json\/wp\/v2\/posts\/21327\/revisions"}],"predecessor-version":[{"id":21328,"href":"https:\/\/ski-outdoor.ro\/ski\/wp-json\/wp\/v2\/posts\/21327\/revisions\/21328"}],"wp:featuredmedia":[{"embeddable":true,"href":"https:\/\/ski-outdoor.ro\/ski\/wp-json\/wp\/v2\/media\/20683"}],"wp:attachment":[{"href":"https:\/\/ski-outdoor.ro\/ski\/wp-json\/wp\/v2\/media?parent=21327"}],"wp:term":[{"taxonomy":"category","embeddable":true,"href":"https:\/\/ski-outdoor.ro\/ski\/wp-json\/wp\/v2\/categories?post=21327"},{"taxonomy":"post_tag","embeddable":true,"href":"https:\/\/ski-outdoor.ro\/ski\/wp-json\/wp\/v2\/tags?post=21327"}],"curies":[{"name":"wp","href":"https:\/\/api.w.org\/{rel}","templated":true}]}}