{"id":21476,"date":"2022-11-11T14:20:38","date_gmt":"2022-11-11T12:20:38","guid":{"rendered":"https:\/\/ski-outdoor.ro\/ski\/?p=21476"},"modified":"2022-11-12T08:53:58","modified_gmt":"2022-11-12T06:53:58","slug":"un-nou-telescaun-va-fi-pus-in-functiune-la-cavnic-noutatile-sezonului-2022-2023","status":"publish","type":"post","link":"https:\/\/ski-outdoor.ro\/ski\/2022\/11\/11\/un-nou-telescaun-va-fi-pus-in-functiune-la-cavnic-noutatile-sezonului-2022-2023\/","title":{"rendered":"Un nou telescaun va fi pus \u00een func\u021biune la Cavnic. Nout\u0103\u021bile sezonului 2022-2023"},"content":{"rendered":"<p><strong>Un nou telescaun cu trei locuri va func\u021biona la Cavnic. Mai multe parc\u0103ri \u0219i noi cabane pentru turi\u0219ti sunt celelalte nout\u0103\u021bi ale sezonului \u00een sta\u021biunea din jude\u021bul Maramure\u0219.<\/strong><\/p>\n<p>Administratorii de la SuperSki Cavnic au schimbat \u00een acest an teleschiul de pe p\u00e2rtia Roata 2 cu un telescaun.<\/p>\n<blockquote><p><em>\u201eAm vrut s\u0103 moderniz\u0103m domeniul pentru c\u0103 telescaunul poate fi folosit mai u\u0219or \u0219i de snowboarderi \u0219i un alt motiv este acela c\u0103 nu se putea produce z\u0103pad\u0103 artificial\u0103 sub traseul de urcare \u0219i trebuia s\u0103 \u00eel facem noi manual din z\u0103pada artificial\u0103 pe care o produceam dac\u0103 nu ningea \u0219i, de multe ori, s-a \u00eent\u00e2mplat s\u0103 nu putem s\u0103 deschidem p\u00e2rtia\u201d<\/em>, a spus, pentru Ski&amp;Outdoor Magazine, Oana Poenar, responsabil PR la SuperSki Cavnic.<\/p><\/blockquote>\n<p>Noul telescaun are un kilometru lungime, fiind practic montat pe vechiul traseu al teleschiului.<\/p>\n<p>Investi\u021bia s-a ridicat la peste o jum\u0103tate de milion de euro.<\/p>\n<p>\u00cenlocuirea vechiului teleschi a \u00eenceput \u00een luna iunie, iar lucr\u0103rile vor fi gata \u00een dou\u0103 s\u0103pt\u0103m\u00e2ni.<\/p>\n<blockquote><p><em>\u201eSt\u0103m bine cu lucr\u0103rile, \u00een maximum dou\u0103 s\u0103pt\u0103m\u00e2ni ar trebui s\u0103 fie gata, o s\u0103 a\u0219tept\u0103m autoriza\u021bia \u0219i toate celelalte, dar din punctul nostru de vedere \u00een dou\u0103 s\u0103pt\u0103m\u00e2ni va fi gata\u201d<\/em>, a ad\u0103ugat Oana Poenar.<\/p><\/blockquote>\n<p><img loading=\"lazy\" class=\"alignnone wp-image-21479 size-full\" src=\"https:\/\/ski-outdoor.ro\/ski\/wp-content\/uploads\/sites\/2\/2022\/11\/telescaun-cavnic-2.jpg\" alt=\"\" width=\"720\" height=\"960\" srcset=\"https:\/\/ski-outdoor.ro\/ski\/wp-content\/uploads\/sites\/2\/2022\/11\/telescaun-cavnic-2.jpg 720w, https:\/\/ski-outdoor.ro\/ski\/wp-content\/uploads\/sites\/2\/2022\/11\/telescaun-cavnic-2-225x300.jpg 225w, https:\/\/ski-outdoor.ro\/ski\/wp-content\/uploads\/sites\/2\/2022\/11\/telescaun-cavnic-2-370x493.jpg 370w, https:\/\/ski-outdoor.ro\/ski\/wp-content\/uploads\/sites\/2\/2022\/11\/telescaun-cavnic-2-570x760.jpg 570w, https:\/\/ski-outdoor.ro\/ski\/wp-content\/uploads\/sites\/2\/2022\/11\/telescaun-cavnic-2-435x580.jpg 435w\" sizes=\"(max-width: 720px) 100vw, 720px\" \/><\/p>\n<p>Aceasta nu este singura noutate pentru cei care vor ajunge \u00een aceast\u0103 iarn\u0103 la Cavnic.<\/p>\n<p>O nou\u0103 parcare a fost deschis\u0103, l\u00e2ng\u0103 cea veche de la baza p\u00e2rtiei, astfel \u00eenc\u00e2t num\u0103rul locurilor de parcare s-a dublat.<\/p>\n<p>De asemenea, p\u00e2n\u0103 \u00een decembrie vor fi finalizate cinci noi cabane de tip A, fiecare cu o capacitate de 4 locuri. \u0218i hotelul a avut parte de moderniz\u0103ri.<\/p>\n<blockquote><p><em>\u201ePe partea de exterior s-a \u00eembr\u0103cat \u00een lemn, s-au schimbat toate balcoanele de fier cu unele din lemn, este o investi\u021bie important\u0103 pentru aspectul sta\u021biunii\u201d<\/em>, a mai spus reprezentantul domeniului.<\/p><\/blockquote>\n<p>\u00cen ceea ce prive\u0219te pre\u021burile, Oana Poenar spune c\u0103 sunt prognozate mici ajust\u0103ri de pre\u021buri, determinate, \u00een principal, de cre\u0219terea tarifelor la energia electric\u0103.<\/p>\n<blockquote><p><em>\u201eO s\u0103 fie ni\u0219te ni\u0219te scumpiri, nu exagerat de mari, prevedem undeva la 150 de lei abonamentul pe zi, fa\u021b\u0103 de 140 p\u00e2n\u0103 acum\u201d<\/em>, a explicat Oana Poenar.<\/p><\/blockquote>\n<p>Nu sunt \u00eenc\u0103 date certe \u00een ceea ce prive\u0219te ziua de deschidere a sezonului, dar administratorii spun c\u0103 au nevoie de cel pu\u021bin cinci zile \u0219i nop\u021bi de frig, de -4,-5 grade Celsius, ca s\u0103 poat\u0103 produce z\u0103pad\u0103 artificial\u0103.<\/p>\n<blockquote><p><em>\u201eDe z\u0103pad\u0103 natural\u0103 nu cred c\u0103 putem vorbi pentru c\u0103 din experien\u021ba ultimilor ani pe z\u0103pad\u0103 natural\u0103 s-a schiat doar dup\u0103 data de 20 ianuarie, practic iarna \u00eent\u00e2rzie cu o lun\u0103, dar s-a schiat p\u00e2n\u0103 \u00een aprilie\u201d<\/em>, a ad\u0103ugat responsabilul PR de la <a href=\"https:\/\/www.facebook.com\/SuperSkiCavnic\" target=\"_blank\" rel=\"noopener\">SuperSki Cavnic<\/a>.<\/p><\/blockquote>\n<p><em>Scris de: C\u0103lin Pop<\/em><\/p>\n","protected":false},"excerpt":{"rendered":"<p>Un nou telescaun cu trei locuri va func\u021biona la Cavnic. Mai multe parc\u0103ri \u0219i noi cabane pentru turi\u0219ti sunt celelalte&#8230;<\/p>\n","protected":false},"author":23,"featured_media":21478,"comment_status":"closed","ping_status":"closed","sticky":false,"template":"","format":"standard","meta":[],"categories":[2770],"tags":[3913,621,5776,2143,5495,1244,4809,2706],"yoast_head":"<!-- This site is optimized with the Yoast SEO plugin v18.4.1 - https:\/\/yoast.com\/wordpress\/plugins\/seo\/ -->\n<title>Un nou telescaun va fi pus \u00een func\u021biune la Cavnic. Nout\u0103\u021bile sezonului 2022-2023 - Ski Magazine<\/title>\n<meta name=\"description\" content=\"Un nou telescaun cu trei locuri va func\u021biona la Cavnic. Mai multe parc\u0103ri \u0219i noi cabane pentru turi\u0219ti sunt celelalte nout\u0103\u021bi ale sezonului.\" \/>\n<meta name=\"robots\" content=\"index, follow, max-snippet:-1, max-image-preview:large, max-video-preview:-1\" \/>\n<link rel=\"canonical\" href=\"https:\/\/ski-outdoor.ro\/ski\/2022\/11\/11\/un-nou-telescaun-va-fi-pus-in-functiune-la-cavnic-noutatile-sezonului-2022-2023\/\" \/>\n<meta property=\"og:locale\" content=\"ro_RO\" \/>\n<meta property=\"og:type\" content=\"article\" \/>\n<meta property=\"og:title\" content=\"Un nou telescaun va fi pus \u00een func\u021biune la Cavnic. Nout\u0103\u021bile sezonului 2022-2023 - Ski Magazine\" \/>\n<meta property=\"og:description\" content=\"Un nou telescaun cu trei locuri va func\u021biona la Cavnic. Mai multe parc\u0103ri \u0219i noi cabane pentru turi\u0219ti sunt celelalte nout\u0103\u021bi ale sezonului.\" \/>\n<meta property=\"og:url\" content=\"https:\/\/ski-outdoor.ro\/ski\/2022\/11\/11\/un-nou-telescaun-va-fi-pus-in-functiune-la-cavnic-noutatile-sezonului-2022-2023\/\" \/>\n<meta property=\"og:site_name\" content=\"Ski Magazine\" \/>\n<meta property=\"article:published_time\" content=\"2022-11-11T12:20:38+00:00\" \/>\n<meta property=\"article:modified_time\" content=\"2022-11-12T06:53:58+00:00\" \/>\n<meta property=\"og:image\" content=\"https:\/\/ski-outdoor.ro\/ski\/wp-content\/uploads\/sites\/2\/2022\/11\/telescaun-cavnic-1.jpg\" \/>\n\t<meta property=\"og:image:width\" content=\"720\" \/>\n\t<meta property=\"og:image:height\" content=\"960\" \/>\n\t<meta property=\"og:image:type\" content=\"image\/jpeg\" \/>\n<meta name=\"twitter:card\" content=\"summary_large_image\" \/>\n<meta name=\"twitter:label1\" content=\"Scris de\" \/>\n\t<meta name=\"twitter:data1\" content=\"C\u0103lin Pop\" \/>\n\t<meta name=\"twitter:label2\" content=\"Timp estimat pentru citire\" \/>\n\t<meta name=\"twitter:data2\" content=\"2 minute\" \/>\n<script type=\"application\/ld+json\" class=\"yoast-schema-graph\">{\"@context\":\"https:\/\/schema.org\",\"@graph\":[{\"@type\":\"WebSite\",\"@id\":\"https:\/\/ski-outdoor.ro\/ski\/#website\",\"url\":\"https:\/\/ski-outdoor.ro\/ski\/\",\"name\":\"Ski Magazine\",\"description\":\"\",\"potentialAction\":[{\"@type\":\"SearchAction\",\"target\":{\"@type\":\"EntryPoint\",\"urlTemplate\":\"https:\/\/ski-outdoor.ro\/ski\/?s={search_term_string}\"},\"query-input\":\"required name=search_term_string\"}],\"inLanguage\":\"ro-RO\"},{\"@type\":\"ImageObject\",\"@id\":\"https:\/\/ski-outdoor.ro\/ski\/2022\/11\/11\/un-nou-telescaun-va-fi-pus-in-functiune-la-cavnic-noutatile-sezonului-2022-2023\/#primaryimage\",\"inLanguage\":\"ro-RO\",\"url\":\"https:\/\/ski-outdoor.ro\/ski\/wp-content\/uploads\/sites\/2\/2022\/11\/telescaun-cavnic-1.jpg\",\"contentUrl\":\"https:\/\/ski-outdoor.ro\/ski\/wp-content\/uploads\/sites\/2\/2022\/11\/telescaun-cavnic-1.jpg\",\"width\":720,\"height\":960},{\"@type\":\"WebPage\",\"@id\":\"https:\/\/ski-outdoor.ro\/ski\/2022\/11\/11\/un-nou-telescaun-va-fi-pus-in-functiune-la-cavnic-noutatile-sezonului-2022-2023\/#webpage\",\"url\":\"https:\/\/ski-outdoor.ro\/ski\/2022\/11\/11\/un-nou-telescaun-va-fi-pus-in-functiune-la-cavnic-noutatile-sezonului-2022-2023\/\",\"name\":\"Un nou telescaun va fi pus \u00een func\u021biune la Cavnic. Nout\u0103\u021bile sezonului 2022-2023 - Ski Magazine\",\"isPartOf\":{\"@id\":\"https:\/\/ski-outdoor.ro\/ski\/#website\"},\"primaryImageOfPage\":{\"@id\":\"https:\/\/ski-outdoor.ro\/ski\/2022\/11\/11\/un-nou-telescaun-va-fi-pus-in-functiune-la-cavnic-noutatile-sezonului-2022-2023\/#primaryimage\"},\"datePublished\":\"2022-11-11T12:20:38+00:00\",\"dateModified\":\"2022-11-12T06:53:58+00:00\",\"author\":{\"@id\":\"https:\/\/ski-outdoor.ro\/ski\/#\/schema\/person\/3d8c2382a34197255067399194217080\"},\"description\":\"Un nou telescaun cu trei locuri va func\u021biona la Cavnic. Mai multe parc\u0103ri \u0219i noi cabane pentru turi\u0219ti sunt celelalte nout\u0103\u021bi ale sezonului.\",\"breadcrumb\":{\"@id\":\"https:\/\/ski-outdoor.ro\/ski\/2022\/11\/11\/un-nou-telescaun-va-fi-pus-in-functiune-la-cavnic-noutatile-sezonului-2022-2023\/#breadcrumb\"},\"inLanguage\":\"ro-RO\",\"potentialAction\":[{\"@type\":\"ReadAction\",\"target\":[\"https:\/\/ski-outdoor.ro\/ski\/2022\/11\/11\/un-nou-telescaun-va-fi-pus-in-functiune-la-cavnic-noutatile-sezonului-2022-2023\/\"]}]},{\"@type\":\"BreadcrumbList\",\"@id\":\"https:\/\/ski-outdoor.ro\/ski\/2022\/11\/11\/un-nou-telescaun-va-fi-pus-in-functiune-la-cavnic-noutatile-sezonului-2022-2023\/#breadcrumb\",\"itemListElement\":[{\"@type\":\"ListItem\",\"position\":1,\"name\":\"Home\",\"item\":\"https:\/\/ski-outdoor.ro\/ski\/\"},{\"@type\":\"ListItem\",\"position\":2,\"name\":\"Un nou telescaun va fi pus \u00een func\u021biune la Cavnic. Nout\u0103\u021bile sezonului 2022-2023\"}]},{\"@type\":\"Person\",\"@id\":\"https:\/\/ski-outdoor.ro\/ski\/#\/schema\/person\/3d8c2382a34197255067399194217080\",\"name\":\"C\u0103lin Pop\",\"image\":{\"@type\":\"ImageObject\",\"@id\":\"https:\/\/ski-outdoor.ro\/ski\/#personlogo\",\"inLanguage\":\"ro-RO\",\"url\":\"https:\/\/secure.gravatar.com\/avatar\/44fa4e362161e127dec2a82f7585cbd5?s=96&d=mm&r=g\",\"contentUrl\":\"https:\/\/secure.gravatar.com\/avatar\/44fa4e362161e127dec2a82f7585cbd5?s=96&d=mm&r=g\",\"caption\":\"C\u0103lin Pop\"},\"url\":\"https:\/\/ski-outdoor.ro\/ski\/author\/calinpop\/\"}]}<\/script>\n<!-- \/ Yoast SEO plugin. -->","yoast_head_json":{"title":"Un nou telescaun va fi pus \u00een func\u021biune la Cavnic. Nout\u0103\u021bile sezonului 2022-2023 - Ski Magazine","description":"Un nou telescaun cu trei locuri va func\u021biona la Cavnic. Mai multe parc\u0103ri \u0219i noi cabane pentru turi\u0219ti sunt celelalte nout\u0103\u021bi ale sezonului.","robots":{"index":"index","follow":"follow","max-snippet":"max-snippet:-1","max-image-preview":"max-image-preview:large","max-video-preview":"max-video-preview:-1"},"canonical":"https:\/\/ski-outdoor.ro\/ski\/2022\/11\/11\/un-nou-telescaun-va-fi-pus-in-functiune-la-cavnic-noutatile-sezonului-2022-2023\/","og_locale":"ro_RO","og_type":"article","og_title":"Un nou telescaun va fi pus \u00een func\u021biune la Cavnic. Nout\u0103\u021bile sezonului 2022-2023 - Ski Magazine","og_description":"Un nou telescaun cu trei locuri va func\u021biona la Cavnic. Mai multe parc\u0103ri \u0219i noi cabane pentru turi\u0219ti sunt celelalte nout\u0103\u021bi ale sezonului.","og_url":"https:\/\/ski-outdoor.ro\/ski\/2022\/11\/11\/un-nou-telescaun-va-fi-pus-in-functiune-la-cavnic-noutatile-sezonului-2022-2023\/","og_site_name":"Ski Magazine","article_published_time":"2022-11-11T12:20:38+00:00","article_modified_time":"2022-11-12T06:53:58+00:00","og_image":[{"width":720,"height":960,"url":"https:\/\/ski-outdoor.ro\/ski\/wp-content\/uploads\/sites\/2\/2022\/11\/telescaun-cavnic-1.jpg","type":"image\/jpeg"}],"twitter_card":"summary_large_image","twitter_misc":{"Scris de":"C\u0103lin Pop","Timp estimat pentru citire":"2 minute"},"schema":{"@context":"https:\/\/schema.org","@graph":[{"@type":"WebSite","@id":"https:\/\/ski-outdoor.ro\/ski\/#website","url":"https:\/\/ski-outdoor.ro\/ski\/","name":"Ski Magazine","description":"","potentialAction":[{"@type":"SearchAction","target":{"@type":"EntryPoint","urlTemplate":"https:\/\/ski-outdoor.ro\/ski\/?s={search_term_string}"},"query-input":"required name=search_term_string"}],"inLanguage":"ro-RO"},{"@type":"ImageObject","@id":"https:\/\/ski-outdoor.ro\/ski\/2022\/11\/11\/un-nou-telescaun-va-fi-pus-in-functiune-la-cavnic-noutatile-sezonului-2022-2023\/#primaryimage","inLanguage":"ro-RO","url":"https:\/\/ski-outdoor.ro\/ski\/wp-content\/uploads\/sites\/2\/2022\/11\/telescaun-cavnic-1.jpg","contentUrl":"https:\/\/ski-outdoor.ro\/ski\/wp-content\/uploads\/sites\/2\/2022\/11\/telescaun-cavnic-1.jpg","width":720,"height":960},{"@type":"WebPage","@id":"https:\/\/ski-outdoor.ro\/ski\/2022\/11\/11\/un-nou-telescaun-va-fi-pus-in-functiune-la-cavnic-noutatile-sezonului-2022-2023\/#webpage","url":"https:\/\/ski-outdoor.ro\/ski\/2022\/11\/11\/un-nou-telescaun-va-fi-pus-in-functiune-la-cavnic-noutatile-sezonului-2022-2023\/","name":"Un nou telescaun va fi pus \u00een func\u021biune la Cavnic. Nout\u0103\u021bile sezonului 2022-2023 - Ski Magazine","isPartOf":{"@id":"https:\/\/ski-outdoor.ro\/ski\/#website"},"primaryImageOfPage":{"@id":"https:\/\/ski-outdoor.ro\/ski\/2022\/11\/11\/un-nou-telescaun-va-fi-pus-in-functiune-la-cavnic-noutatile-sezonului-2022-2023\/#primaryimage"},"datePublished":"2022-11-11T12:20:38+00:00","dateModified":"2022-11-12T06:53:58+00:00","author":{"@id":"https:\/\/ski-outdoor.ro\/ski\/#\/schema\/person\/3d8c2382a34197255067399194217080"},"description":"Un nou telescaun cu trei locuri va func\u021biona la Cavnic. Mai multe parc\u0103ri \u0219i noi cabane pentru turi\u0219ti sunt celelalte nout\u0103\u021bi ale sezonului.","breadcrumb":{"@id":"https:\/\/ski-outdoor.ro\/ski\/2022\/11\/11\/un-nou-telescaun-va-fi-pus-in-functiune-la-cavnic-noutatile-sezonului-2022-2023\/#breadcrumb"},"inLanguage":"ro-RO","potentialAction":[{"@type":"ReadAction","target":["https:\/\/ski-outdoor.ro\/ski\/2022\/11\/11\/un-nou-telescaun-va-fi-pus-in-functiune-la-cavnic-noutatile-sezonului-2022-2023\/"]}]},{"@type":"BreadcrumbList","@id":"https:\/\/ski-outdoor.ro\/ski\/2022\/11\/11\/un-nou-telescaun-va-fi-pus-in-functiune-la-cavnic-noutatile-sezonului-2022-2023\/#breadcrumb","itemListElement":[{"@type":"ListItem","position":1,"name":"Home","item":"https:\/\/ski-outdoor.ro\/ski\/"},{"@type":"ListItem","position":2,"name":"Un nou telescaun va fi pus \u00een func\u021biune la Cavnic. Nout\u0103\u021bile sezonului 2022-2023"}]},{"@type":"Person","@id":"https:\/\/ski-outdoor.ro\/ski\/#\/schema\/person\/3d8c2382a34197255067399194217080","name":"C\u0103lin Pop","image":{"@type":"ImageObject","@id":"https:\/\/ski-outdoor.ro\/ski\/#personlogo","inLanguage":"ro-RO","url":"https:\/\/secure.gravatar.com\/avatar\/44fa4e362161e127dec2a82f7585cbd5?s=96&d=mm&r=g","contentUrl":"https:\/\/secure.gravatar.com\/avatar\/44fa4e362161e127dec2a82f7585cbd5?s=96&d=mm&r=g","caption":"C\u0103lin Pop"},"url":"https:\/\/ski-outdoor.ro\/ski\/author\/calinpop\/"}]}},"_links":{"self":[{"href":"https:\/\/ski-outdoor.ro\/ski\/wp-json\/wp\/v2\/posts\/21476"}],"collection":[{"href":"https:\/\/ski-outdoor.ro\/ski\/wp-json\/wp\/v2\/posts"}],"about":[{"href":"https:\/\/ski-outdoor.ro\/ski\/wp-json\/wp\/v2\/types\/post"}],"author":[{"embeddable":true,"href":"https:\/\/ski-outdoor.ro\/ski\/wp-json\/wp\/v2\/users\/23"}],"replies":[{"embeddable":true,"href":"https:\/\/ski-outdoor.ro\/ski\/wp-json\/wp\/v2\/comments?post=21476"}],"version-history":[{"count":3,"href":"https:\/\/ski-outdoor.ro\/ski\/wp-json\/wp\/v2\/posts\/21476\/revisions"}],"predecessor-version":[{"id":21481,"href":"https:\/\/ski-outdoor.ro\/ski\/wp-json\/wp\/v2\/posts\/21476\/revisions\/21481"}],"wp:featuredmedia":[{"embeddable":true,"href":"https:\/\/ski-outdoor.ro\/ski\/wp-json\/wp\/v2\/media\/21478"}],"wp:attachment":[{"href":"https:\/\/ski-outdoor.ro\/ski\/wp-json\/wp\/v2\/media?parent=21476"}],"wp:term":[{"taxonomy":"category","embeddable":true,"href":"https:\/\/ski-outdoor.ro\/ski\/wp-json\/wp\/v2\/categories?post=21476"},{"taxonomy":"post_tag","embeddable":true,"href":"https:\/\/ski-outdoor.ro\/ski\/wp-json\/wp\/v2\/tags?post=21476"}],"curies":[{"name":"wp","href":"https:\/\/api.w.org\/{rel}","templated":true}]}}