{"id":21878,"date":"2023-01-06T13:01:59","date_gmt":"2023-01-06T11:01:59","guid":{"rendered":"https:\/\/ski-outdoor.ro\/ski\/?p=21878"},"modified":"2023-01-06T14:42:49","modified_gmt":"2023-01-06T12:42:49","slug":"romania-va-participa-cu-18-sportivi-la-festivalul-olimpic-al-tineretului-european-in-italia","status":"publish","type":"post","link":"https:\/\/ski-outdoor.ro\/ski\/2023\/01\/06\/romania-va-participa-cu-18-sportivi-la-festivalul-olimpic-al-tineretului-european-in-italia\/","title":{"rendered":"Rom\u00e2nia va participa cu 18 sportivi la Festivalul Olimpic al Tineretului European, \u00een Italia"},"content":{"rendered":"<p><strong>Rom\u00e2nia va fi reprezentat\u0103 la Festivalul Olimpic al Tineretului European, care se va desf\u0103\u0219ura \u00eentre 21 \u0219i 28 ianuarie \u00een Italia, de 18 sportivi.<\/strong><\/p>\n<p>Ministerului Sportului anun\u021b\u0103 c\u0103 Festivalul Olimpic al Tineretului European (FOTE) Friuli Vene\u021bia Giulia 2023, unde particip\u0103 sportivi cu v\u00e2rste \u00eentre 14 \u0219i 18 ani, prefa\u021beaz\u0103 organizarea Jocurilor Olimpice Milano Cortina 2026.<\/p>\n<p>Cei 18 sportivi din Rom\u00e2nia vor participa la 8 dintre cele 14 discipline de concurs.<\/p>\n<p>Componen\u021ba delega\u021biei Rom\u00e2niei, aprobat\u0103 de Comitetul Executiv al Comitetului Olimpic \u0219i Sportiv Rom\u00e2n (COSR), este urm\u0103toarea:<\/p>\n<p>Biatlon<br \/>\n4 sportivi: Maria Elisabeta Duicu, Andreea Nicoleta \u0218chiop, Horia Nicolae Urs, Nicolae Zichil;<br \/>\nantrenori: Tudor G\u00eerbacea, Daniel Maz\u00eelu<\/p>\n<p>Patinaj artistic<br \/>\n1 sportiv: Andrei Tudor Dominic;<br \/>\nantrenor: Florent Francisco Amodio<\/p>\n<p>S\u0103rituri cu schiurile<br \/>\n3 sportivi: Moise Alexandru Folea, Andra Maria Gheorghe, Mircea \u0218tefan Jipescu;<br \/>\nantrenori: Constantin Beldea, Csaba Magd\u00f3-N\u00e9meth<\/p>\n<p>Schi alpin<br \/>\n2 sportivi: Jennifer-Barbara Nagy-Remetean, Alexandru Matei Oancea;<br \/>\nantrenori: Alexandru George Barbu, Viorel Sebastian Selejan<\/p>\n<p>Schi alpinism<br \/>\n3 sportivi: Alexia Maria Blajiu, Lorena-Azota Bol\u00eendu, Tudor Zaharia Dobre;<br \/>\nantrenori &#8211; Alexandra Petru\u021ba Manea, Rare\u0219 Iulian Manea<\/p>\n<p>Schi fond<br \/>\n2 sportivi: Ionu\u021b Alexandru Costea, Maria Toma;<br \/>\nantrenori &#8211; Iulian Grama, Costel Terciu<\/p>\n<p>Short track<br \/>\n1 sportiv: N\u00f3ra Barta;<br \/>\nantrenor Zsolt Kalam\u00e1r-Kert\u00e9sz<\/p>\n<p>Snowboarding<br \/>\n2 sportivi: \u0218tefan Laz\u0103r, Kata Mandel;<br \/>\nantrenor &#8211; G\u00e9za Lor\u00e1nt Kinda.<\/p>\n<p>Purt\u0103torii de drapel al Rom\u00e2niei la ceremonia de deschidere a Festivalului vor fi Maria Elisabeta Duicu (biatlon) \u0219i Mircea \u0218tefan Jipescu (s\u0103rituri cu schiurile).<\/p>\n<p>Delega\u021bia Rom\u00e2niei va fi condus\u0103 de Drago\u0219 T\u0103taru, \u0219ef de misiune. Din staff vor mai face parte Liliana Dorneanu, adjunct \u0219ef de misiune zona Tarvisio, Ciprian Gheorghe, adjunct \u0219ef de misiune zona Carnia, Puiu Gaspar, oficial de echip\u0103 Federa\u021bia Rom\u00e2n\u0103 de Schi \u0219i Biatlon, medicii Dan T\u0103nase \u0219i Diana Torje.<\/p>\n<p>\u00cen luna iulie, Rom\u00e2nia a \u00eencheiat Festivalul Olimpic al Tineretului European de la Banska Bystrica pe pozi\u021bia a 7-a dintre cele 48 de na\u021biuni participante, cucerind 5 medalii de aur, 8 de argint \u015fi 6 de bronz.<\/p>\n<p><em>Scris de: C\u0103lin Pop<\/em><\/p>\n","protected":false},"excerpt":{"rendered":"<p>Rom\u00e2nia va fi reprezentat\u0103 la Festivalul Olimpic al Tineretului European, care se va desf\u0103\u0219ura \u00eentre 21 \u0219i 28 ianuarie \u00een&#8230;<\/p>\n","protected":false},"author":23,"featured_media":21879,"comment_status":"closed","ping_status":"closed","sticky":false,"template":"","format":"standard","meta":[],"categories":[2770],"tags":[4695,111,74,139,880,118,2988],"yoast_head":"<!-- This site is optimized with the Yoast SEO plugin v18.4.1 - https:\/\/yoast.com\/wordpress\/plugins\/seo\/ -->\n<title>Rom\u00e2nia va participa cu 18 sportivi la Festivalul Olimpic al Tineretului European, \u00een Italia - Ski Magazine<\/title>\n<meta name=\"robots\" content=\"index, follow, max-snippet:-1, max-image-preview:large, max-video-preview:-1\" \/>\n<link rel=\"canonical\" href=\"https:\/\/ski-outdoor.ro\/ski\/2023\/01\/06\/romania-va-participa-cu-18-sportivi-la-festivalul-olimpic-al-tineretului-european-in-italia\/\" \/>\n<meta property=\"og:locale\" content=\"ro_RO\" \/>\n<meta property=\"og:type\" content=\"article\" \/>\n<meta property=\"og:title\" content=\"Rom\u00e2nia va participa cu 18 sportivi la Festivalul Olimpic al Tineretului European, \u00een Italia - Ski Magazine\" \/>\n<meta property=\"og:description\" content=\"Rom\u00e2nia va fi reprezentat\u0103 la Festivalul Olimpic al Tineretului European, care se va desf\u0103\u0219ura \u00eentre 21 \u0219i 28 ianuarie \u00een...\" \/>\n<meta property=\"og:url\" content=\"https:\/\/ski-outdoor.ro\/ski\/2023\/01\/06\/romania-va-participa-cu-18-sportivi-la-festivalul-olimpic-al-tineretului-european-in-italia\/\" \/>\n<meta property=\"og:site_name\" content=\"Ski Magazine\" \/>\n<meta property=\"article:published_time\" content=\"2023-01-06T11:01:59+00:00\" \/>\n<meta property=\"article:modified_time\" content=\"2023-01-06T12:42:49+00:00\" \/>\n<meta property=\"og:image\" content=\"https:\/\/ski-outdoor.ro\/ski\/wp-content\/uploads\/sites\/2\/2023\/01\/FOTE-italia.jpg\" \/>\n\t<meta property=\"og:image:width\" content=\"960\" \/>\n\t<meta property=\"og:image:height\" content=\"640\" \/>\n\t<meta property=\"og:image:type\" content=\"image\/jpeg\" \/>\n<meta name=\"twitter:card\" content=\"summary_large_image\" \/>\n<meta name=\"twitter:label1\" content=\"Scris de\" \/>\n\t<meta name=\"twitter:data1\" content=\"C\u0103lin Pop\" \/>\n\t<meta name=\"twitter:label2\" content=\"Timp estimat pentru citire\" \/>\n\t<meta name=\"twitter:data2\" content=\"2 minute\" \/>\n<script type=\"application\/ld+json\" class=\"yoast-schema-graph\">{\"@context\":\"https:\/\/schema.org\",\"@graph\":[{\"@type\":\"WebSite\",\"@id\":\"https:\/\/ski-outdoor.ro\/ski\/#website\",\"url\":\"https:\/\/ski-outdoor.ro\/ski\/\",\"name\":\"Ski Magazine\",\"description\":\"\",\"potentialAction\":[{\"@type\":\"SearchAction\",\"target\":{\"@type\":\"EntryPoint\",\"urlTemplate\":\"https:\/\/ski-outdoor.ro\/ski\/?s={search_term_string}\"},\"query-input\":\"required name=search_term_string\"}],\"inLanguage\":\"ro-RO\"},{\"@type\":\"ImageObject\",\"@id\":\"https:\/\/ski-outdoor.ro\/ski\/2023\/01\/06\/romania-va-participa-cu-18-sportivi-la-festivalul-olimpic-al-tineretului-european-in-italia\/#primaryimage\",\"inLanguage\":\"ro-RO\",\"url\":\"https:\/\/ski-outdoor.ro\/ski\/wp-content\/uploads\/sites\/2\/2023\/01\/FOTE-italia.jpg\",\"contentUrl\":\"https:\/\/ski-outdoor.ro\/ski\/wp-content\/uploads\/sites\/2\/2023\/01\/FOTE-italia.jpg\",\"width\":960,\"height\":640},{\"@type\":\"WebPage\",\"@id\":\"https:\/\/ski-outdoor.ro\/ski\/2023\/01\/06\/romania-va-participa-cu-18-sportivi-la-festivalul-olimpic-al-tineretului-european-in-italia\/#webpage\",\"url\":\"https:\/\/ski-outdoor.ro\/ski\/2023\/01\/06\/romania-va-participa-cu-18-sportivi-la-festivalul-olimpic-al-tineretului-european-in-italia\/\",\"name\":\"Rom\u00e2nia va participa cu 18 sportivi la Festivalul Olimpic al Tineretului European, \u00een Italia - Ski Magazine\",\"isPartOf\":{\"@id\":\"https:\/\/ski-outdoor.ro\/ski\/#website\"},\"primaryImageOfPage\":{\"@id\":\"https:\/\/ski-outdoor.ro\/ski\/2023\/01\/06\/romania-va-participa-cu-18-sportivi-la-festivalul-olimpic-al-tineretului-european-in-italia\/#primaryimage\"},\"datePublished\":\"2023-01-06T11:01:59+00:00\",\"dateModified\":\"2023-01-06T12:42:49+00:00\",\"author\":{\"@id\":\"https:\/\/ski-outdoor.ro\/ski\/#\/schema\/person\/3d8c2382a34197255067399194217080\"},\"breadcrumb\":{\"@id\":\"https:\/\/ski-outdoor.ro\/ski\/2023\/01\/06\/romania-va-participa-cu-18-sportivi-la-festivalul-olimpic-al-tineretului-european-in-italia\/#breadcrumb\"},\"inLanguage\":\"ro-RO\",\"potentialAction\":[{\"@type\":\"ReadAction\",\"target\":[\"https:\/\/ski-outdoor.ro\/ski\/2023\/01\/06\/romania-va-participa-cu-18-sportivi-la-festivalul-olimpic-al-tineretului-european-in-italia\/\"]}]},{\"@type\":\"BreadcrumbList\",\"@id\":\"https:\/\/ski-outdoor.ro\/ski\/2023\/01\/06\/romania-va-participa-cu-18-sportivi-la-festivalul-olimpic-al-tineretului-european-in-italia\/#breadcrumb\",\"itemListElement\":[{\"@type\":\"ListItem\",\"position\":1,\"name\":\"Home\",\"item\":\"https:\/\/ski-outdoor.ro\/ski\/\"},{\"@type\":\"ListItem\",\"position\":2,\"name\":\"Rom\u00e2nia va participa cu 18 sportivi la Festivalul Olimpic al Tineretului European, \u00een Italia\"}]},{\"@type\":\"Person\",\"@id\":\"https:\/\/ski-outdoor.ro\/ski\/#\/schema\/person\/3d8c2382a34197255067399194217080\",\"name\":\"C\u0103lin Pop\",\"image\":{\"@type\":\"ImageObject\",\"@id\":\"https:\/\/ski-outdoor.ro\/ski\/#personlogo\",\"inLanguage\":\"ro-RO\",\"url\":\"https:\/\/secure.gravatar.com\/avatar\/44fa4e362161e127dec2a82f7585cbd5?s=96&d=mm&r=g\",\"contentUrl\":\"https:\/\/secure.gravatar.com\/avatar\/44fa4e362161e127dec2a82f7585cbd5?s=96&d=mm&r=g\",\"caption\":\"C\u0103lin Pop\"},\"url\":\"https:\/\/ski-outdoor.ro\/ski\/author\/calinpop\/\"}]}<\/script>\n<!-- \/ Yoast SEO plugin. -->","yoast_head_json":{"title":"Rom\u00e2nia va participa cu 18 sportivi la Festivalul Olimpic al Tineretului European, \u00een Italia - Ski Magazine","robots":{"index":"index","follow":"follow","max-snippet":"max-snippet:-1","max-image-preview":"max-image-preview:large","max-video-preview":"max-video-preview:-1"},"canonical":"https:\/\/ski-outdoor.ro\/ski\/2023\/01\/06\/romania-va-participa-cu-18-sportivi-la-festivalul-olimpic-al-tineretului-european-in-italia\/","og_locale":"ro_RO","og_type":"article","og_title":"Rom\u00e2nia va participa cu 18 sportivi la Festivalul Olimpic al Tineretului European, \u00een Italia - Ski Magazine","og_description":"Rom\u00e2nia va fi reprezentat\u0103 la Festivalul Olimpic al Tineretului European, care se va desf\u0103\u0219ura \u00eentre 21 \u0219i 28 ianuarie \u00een...","og_url":"https:\/\/ski-outdoor.ro\/ski\/2023\/01\/06\/romania-va-participa-cu-18-sportivi-la-festivalul-olimpic-al-tineretului-european-in-italia\/","og_site_name":"Ski Magazine","article_published_time":"2023-01-06T11:01:59+00:00","article_modified_time":"2023-01-06T12:42:49+00:00","og_image":[{"width":960,"height":640,"url":"https:\/\/ski-outdoor.ro\/ski\/wp-content\/uploads\/sites\/2\/2023\/01\/FOTE-italia.jpg","type":"image\/jpeg"}],"twitter_card":"summary_large_image","twitter_misc":{"Scris de":"C\u0103lin Pop","Timp estimat pentru citire":"2 minute"},"schema":{"@context":"https:\/\/schema.org","@graph":[{"@type":"WebSite","@id":"https:\/\/ski-outdoor.ro\/ski\/#website","url":"https:\/\/ski-outdoor.ro\/ski\/","name":"Ski Magazine","description":"","potentialAction":[{"@type":"SearchAction","target":{"@type":"EntryPoint","urlTemplate":"https:\/\/ski-outdoor.ro\/ski\/?s={search_term_string}"},"query-input":"required name=search_term_string"}],"inLanguage":"ro-RO"},{"@type":"ImageObject","@id":"https:\/\/ski-outdoor.ro\/ski\/2023\/01\/06\/romania-va-participa-cu-18-sportivi-la-festivalul-olimpic-al-tineretului-european-in-italia\/#primaryimage","inLanguage":"ro-RO","url":"https:\/\/ski-outdoor.ro\/ski\/wp-content\/uploads\/sites\/2\/2023\/01\/FOTE-italia.jpg","contentUrl":"https:\/\/ski-outdoor.ro\/ski\/wp-content\/uploads\/sites\/2\/2023\/01\/FOTE-italia.jpg","width":960,"height":640},{"@type":"WebPage","@id":"https:\/\/ski-outdoor.ro\/ski\/2023\/01\/06\/romania-va-participa-cu-18-sportivi-la-festivalul-olimpic-al-tineretului-european-in-italia\/#webpage","url":"https:\/\/ski-outdoor.ro\/ski\/2023\/01\/06\/romania-va-participa-cu-18-sportivi-la-festivalul-olimpic-al-tineretului-european-in-italia\/","name":"Rom\u00e2nia va participa cu 18 sportivi la Festivalul Olimpic al Tineretului European, \u00een Italia - Ski Magazine","isPartOf":{"@id":"https:\/\/ski-outdoor.ro\/ski\/#website"},"primaryImageOfPage":{"@id":"https:\/\/ski-outdoor.ro\/ski\/2023\/01\/06\/romania-va-participa-cu-18-sportivi-la-festivalul-olimpic-al-tineretului-european-in-italia\/#primaryimage"},"datePublished":"2023-01-06T11:01:59+00:00","dateModified":"2023-01-06T12:42:49+00:00","author":{"@id":"https:\/\/ski-outdoor.ro\/ski\/#\/schema\/person\/3d8c2382a34197255067399194217080"},"breadcrumb":{"@id":"https:\/\/ski-outdoor.ro\/ski\/2023\/01\/06\/romania-va-participa-cu-18-sportivi-la-festivalul-olimpic-al-tineretului-european-in-italia\/#breadcrumb"},"inLanguage":"ro-RO","potentialAction":[{"@type":"ReadAction","target":["https:\/\/ski-outdoor.ro\/ski\/2023\/01\/06\/romania-va-participa-cu-18-sportivi-la-festivalul-olimpic-al-tineretului-european-in-italia\/"]}]},{"@type":"BreadcrumbList","@id":"https:\/\/ski-outdoor.ro\/ski\/2023\/01\/06\/romania-va-participa-cu-18-sportivi-la-festivalul-olimpic-al-tineretului-european-in-italia\/#breadcrumb","itemListElement":[{"@type":"ListItem","position":1,"name":"Home","item":"https:\/\/ski-outdoor.ro\/ski\/"},{"@type":"ListItem","position":2,"name":"Rom\u00e2nia va participa cu 18 sportivi la Festivalul Olimpic al Tineretului European, \u00een Italia"}]},{"@type":"Person","@id":"https:\/\/ski-outdoor.ro\/ski\/#\/schema\/person\/3d8c2382a34197255067399194217080","name":"C\u0103lin Pop","image":{"@type":"ImageObject","@id":"https:\/\/ski-outdoor.ro\/ski\/#personlogo","inLanguage":"ro-RO","url":"https:\/\/secure.gravatar.com\/avatar\/44fa4e362161e127dec2a82f7585cbd5?s=96&d=mm&r=g","contentUrl":"https:\/\/secure.gravatar.com\/avatar\/44fa4e362161e127dec2a82f7585cbd5?s=96&d=mm&r=g","caption":"C\u0103lin Pop"},"url":"https:\/\/ski-outdoor.ro\/ski\/author\/calinpop\/"}]}},"_links":{"self":[{"href":"https:\/\/ski-outdoor.ro\/ski\/wp-json\/wp\/v2\/posts\/21878"}],"collection":[{"href":"https:\/\/ski-outdoor.ro\/ski\/wp-json\/wp\/v2\/posts"}],"about":[{"href":"https:\/\/ski-outdoor.ro\/ski\/wp-json\/wp\/v2\/types\/post"}],"author":[{"embeddable":true,"href":"https:\/\/ski-outdoor.ro\/ski\/wp-json\/wp\/v2\/users\/23"}],"replies":[{"embeddable":true,"href":"https:\/\/ski-outdoor.ro\/ski\/wp-json\/wp\/v2\/comments?post=21878"}],"version-history":[{"count":2,"href":"https:\/\/ski-outdoor.ro\/ski\/wp-json\/wp\/v2\/posts\/21878\/revisions"}],"predecessor-version":[{"id":21881,"href":"https:\/\/ski-outdoor.ro\/ski\/wp-json\/wp\/v2\/posts\/21878\/revisions\/21881"}],"wp:featuredmedia":[{"embeddable":true,"href":"https:\/\/ski-outdoor.ro\/ski\/wp-json\/wp\/v2\/media\/21879"}],"wp:attachment":[{"href":"https:\/\/ski-outdoor.ro\/ski\/wp-json\/wp\/v2\/media?parent=21878"}],"wp:term":[{"taxonomy":"category","embeddable":true,"href":"https:\/\/ski-outdoor.ro\/ski\/wp-json\/wp\/v2\/categories?post=21878"},{"taxonomy":"post_tag","embeddable":true,"href":"https:\/\/ski-outdoor.ro\/ski\/wp-json\/wp\/v2\/tags?post=21878"}],"curies":[{"name":"wp","href":"https:\/\/api.w.org\/{rel}","templated":true}]}}