{"id":22099,"date":"2023-02-05T10:38:34","date_gmt":"2023-02-05T08:38:34","guid":{"rendered":"https:\/\/ski-outdoor.ro\/ski\/?p=22099"},"modified":"2023-02-05T10:41:30","modified_gmt":"2023-02-05T08:41:30","slug":"zeci-de-persoane-izolate-la-cabana-capra-din-fagaras-in-urma-unei-avalanse","status":"publish","type":"post","link":"https:\/\/ski-outdoor.ro\/ski\/2023\/02\/05\/zeci-de-persoane-izolate-la-cabana-capra-din-fagaras-in-urma-unei-avalanse\/","title":{"rendered":"UPDATE Zeci de persoane izolate la Cabana Capra din F\u0103g\u0103ra\u0219 \u00een urma unei avalan\u0219e"},"content":{"rendered":"<p><strong>Zeci de persoane sunt izolate \u00een Cabana Capra din F\u0103g\u0103ra\u0219, unde a avut loc o avalan\u0219\u0103 de z\u0103pad\u0103. Mai multe ma\u0219ini au fost avariate.<\/strong><\/p>\n<blockquote><p><em>\u201eO avalan\u021b\u0103 de mari dimensiuni a lovit cabana Capra \u0219i parcarea din fa\u021ba cabanei. Nu sunt victime, dar sunt pagube materiale at\u00e2t la cabana, precum \u0219i mai multe ma\u0219ini avariate\u201d<\/em>, potrivit paginii de Facebook <a href=\"https:\/\/www.facebook.com\/profile.php?id=100064866210919\" target=\"_blank\" rel=\"noopener\">Avalan\u0219e \u00een Carpa\u021bi<\/a>.<\/p><\/blockquote>\n<p>Conform aceleia\u0219i surse, avalan\u0219a a curs pe v\u00e2lcelul ce coboar\u0103 dinspre Cota 2000 (C\u0103ldarea Berbecilor), s\u00e2mb\u0103t\u0103 seara.<\/p>\n<p><img loading=\"lazy\" class=\"alignnone wp-image-22102 size-full\" src=\"https:\/\/ski-outdoor.ro\/ski\/wp-content\/uploads\/sites\/2\/2023\/02\/cabana-capra.jpg\" alt=\"\" width=\"720\" height=\"960\" srcset=\"https:\/\/ski-outdoor.ro\/ski\/wp-content\/uploads\/sites\/2\/2023\/02\/cabana-capra.jpg 720w, https:\/\/ski-outdoor.ro\/ski\/wp-content\/uploads\/sites\/2\/2023\/02\/cabana-capra-225x300.jpg 225w, https:\/\/ski-outdoor.ro\/ski\/wp-content\/uploads\/sites\/2\/2023\/02\/cabana-capra-370x493.jpg 370w, https:\/\/ski-outdoor.ro\/ski\/wp-content\/uploads\/sites\/2\/2023\/02\/cabana-capra-570x760.jpg 570w, https:\/\/ski-outdoor.ro\/ski\/wp-content\/uploads\/sites\/2\/2023\/02\/cabana-capra-435x580.jpg 435w\" sizes=\"(max-width: 720px) 100vw, 720px\" \/><\/p>\n<p>Poli\u021bia din Arge\u0219 anun\u021b\u0103 c\u0103 \u00een urma avalan\u0219ei au fost avariate mai multe autoturisme \u0219i aproximativ\u00a0 60 de persoane au r\u0103mas izolate la caban\u0103.<\/p>\n<p>Autorit\u0103\u021bile sunt la fa\u021ba locului, pentru a lua m\u0103surile necesare, \u00een vederea evacu\u0103rii persoanelor.<\/p>\n<p>DN 7C este \u00eenchis traficului, de la kilometrul 104, \u00eenc\u0103 de la data de 30 octombrie 2022, sus\u021bin poli\u021bi\u0219tii.<\/p>\n<p>Ace\u0219tia vor verifica modalitatea prin care persoanele respective au ajuns la caban\u0103, iar dac\u0103 vor fi constatate abateri de la normele rutiere se vor lua m\u0103surile legale \u00een consecin\u021b\u0103.<\/p>\n<p><img loading=\"lazy\" class=\"alignnone wp-image-22101 size-full\" src=\"https:\/\/ski-outdoor.ro\/ski\/wp-content\/uploads\/sites\/2\/2023\/02\/cabana-capra-2.jpeg\" alt=\"\" width=\"960\" height=\"720\" srcset=\"https:\/\/ski-outdoor.ro\/ski\/wp-content\/uploads\/sites\/2\/2023\/02\/cabana-capra-2.jpeg 960w, https:\/\/ski-outdoor.ro\/ski\/wp-content\/uploads\/sites\/2\/2023\/02\/cabana-capra-2-300x225.jpeg 300w, https:\/\/ski-outdoor.ro\/ski\/wp-content\/uploads\/sites\/2\/2023\/02\/cabana-capra-2-768x576.jpeg 768w, https:\/\/ski-outdoor.ro\/ski\/wp-content\/uploads\/sites\/2\/2023\/02\/cabana-capra-2-370x278.jpeg 370w, https:\/\/ski-outdoor.ro\/ski\/wp-content\/uploads\/sites\/2\/2023\/02\/cabana-capra-2-570x428.jpeg 570w, https:\/\/ski-outdoor.ro\/ski\/wp-content\/uploads\/sites\/2\/2023\/02\/cabana-capra-2-770x578.jpeg 770w, https:\/\/ski-outdoor.ro\/ski\/wp-content\/uploads\/sites\/2\/2023\/02\/cabana-capra-2-773x580.jpeg 773w\" sizes=\"(max-width: 960px) 100vw, 960px\" \/><\/p>\n<p>Potrivit meteorologilor, \u00een Mun\u021bii F\u0103g\u0103ra\u0219 riscul de avalan\u0219\u0103 se men\u021bine foarte mare.<\/p>\n<p>La peste 1800 de metri, \u00een ultimele 36 de ore s-au depus aproximativ 50 centimetri de z\u0103pad\u0103 pulver, \u00een special pe versan\u021bii nordici. Aceasta s-a depus peste stratul instabil prezent \u00een zilele anterioare care dep\u0103\u0219ea 50-60 centimetri pe majoritatea versan\u021bilor. Astfel, \u00een partea superioar\u0103 a stratului se \u00eent\u00e2lne\u0219te un strat cu rezisten\u021b\u0103 sc\u0103zut\u0103, ce dep\u0103\u0219e\u0219te pe majoritatea versan\u021bilor 80-100 centimetri \u0219i care are o slab\u0103 coeziune \u00eentre cristale, dar \u0219i fa\u021b\u0103 de crusta mai veche de ghea\u021b\u0103 aflat\u0103 dedesubt. \u00cen zona crestelor, sunt formate pl\u0103ci de v\u00e2nt pe versan\u021bii estici \u0219i sudici, altele mai vechi fiind acoperite de z\u0103pada proasp\u0103t depus\u0103. Pe v\u0103i \u0219i \u00een zonele ad\u0103postite, sunt depozite \u00eensemnate, care dep\u0103\u0219esc 3 metri, formate de asemenea din z\u0103pad\u0103 cu rezisten\u021b\u0103 sc\u0103zut\u0103 \u0219i coeziune slab\u0103 \u00eentre cristale. Stratul mai vechi, din profunzime, este format din z\u0103pad\u0103 \u00eent\u0103rit\u0103, cu cruste sub\u021biri de ghea\u021b\u0103 intercalate.<\/p>\n<blockquote><p><em>\u201eSe vor declan\u0219a spontan avalan\u0219e de dimensiuni medii \u0219i mari, prin ruperea \u0219i alunecarea stratului instabil din partea superioar\u0103, ce dep\u0103\u0219e\u0219te pe alocuri 80-100 cm peste straturile mai vechi \u0219i \u00eent\u0103rite, riscul declan\u0219\u0103rii avalan\u0219elor fiind amplificat chiar \u0219i la supra\u00eenc\u0103rc\u0103ri mici. Sub 1800 m stratul de z\u0103pad\u0103 este de asemenea consistent. Pe pantele \u00eenclinate, stratul instabil de la suprafa\u021b\u0103, care dep\u0103\u0219e\u0219te pe alocuri 50-70 cm, va putea aluneca peste stratul mai vechi \u015fi stabilizat, duc\u00e2nd la declan\u0219area de avalan\u0219e de dimensiuni medii \u0219i chiar mari, riscul declan\u0219\u0103rilor fiind amplificat la supra\u00eenc\u0103rc\u0103ri\u201d<\/em>, arat\u0103 meteorologii.<\/p><\/blockquote>\n<p>UPDATE:<\/p>\n<p>Pentru evacuarea celor 60 persoane r\u0103mase izolate \u00een Cabana Capra, ca urmare a avalan\u0219elor produse \u00een zon\u0103, au fost dislocate dou\u0103 \u0219enilate de la ISU V\u00e2lcea \u0219i ISU Olt \u0219i un UTV de la ISU D\u00e2mbovi\u021ba.<\/p>\n<p><em>Scris de: C\u0103lin Pop<\/em><\/p>\n","protected":false},"excerpt":{"rendered":"<p>Zeci de persoane sunt izolate \u00een Cabana Capra din F\u0103g\u0103ra\u0219, unde a avut loc o avalan\u0219\u0103 de z\u0103pad\u0103. Mai multe&#8230;<\/p>\n","protected":false},"author":23,"featured_media":22100,"comment_status":"closed","ping_status":"closed","sticky":false,"template":"","format":"standard","meta":[],"categories":[2770],"tags":[636,5908,5229,5909,5910],"yoast_head":"<!-- This site is optimized with the Yoast SEO plugin v18.4.1 - https:\/\/yoast.com\/wordpress\/plugins\/seo\/ -->\n<title>UPDATE Zeci de persoane izolate la Cabana Capra din F\u0103g\u0103ra\u0219 \u00een urma unei avalan\u0219e - Ski Magazine<\/title>\n<meta name=\"robots\" content=\"index, follow, max-snippet:-1, max-image-preview:large, max-video-preview:-1\" \/>\n<link rel=\"canonical\" href=\"https:\/\/ski-outdoor.ro\/ski\/2023\/02\/05\/zeci-de-persoane-izolate-la-cabana-capra-din-fagaras-in-urma-unei-avalanse\/\" \/>\n<meta property=\"og:locale\" content=\"ro_RO\" \/>\n<meta property=\"og:type\" content=\"article\" \/>\n<meta property=\"og:title\" content=\"UPDATE Zeci de persoane izolate la Cabana Capra din F\u0103g\u0103ra\u0219 \u00een urma unei avalan\u0219e - Ski Magazine\" \/>\n<meta property=\"og:description\" content=\"Zeci de persoane sunt izolate \u00een Cabana Capra din F\u0103g\u0103ra\u0219, unde a avut loc o avalan\u0219\u0103 de z\u0103pad\u0103. Mai multe...\" \/>\n<meta property=\"og:url\" content=\"https:\/\/ski-outdoor.ro\/ski\/2023\/02\/05\/zeci-de-persoane-izolate-la-cabana-capra-din-fagaras-in-urma-unei-avalanse\/\" \/>\n<meta property=\"og:site_name\" content=\"Ski Magazine\" \/>\n<meta property=\"article:published_time\" content=\"2023-02-05T08:38:34+00:00\" \/>\n<meta property=\"article:modified_time\" content=\"2023-02-05T08:41:30+00:00\" \/>\n<meta property=\"og:image\" content=\"https:\/\/ski-outdoor.ro\/ski\/wp-content\/uploads\/sites\/2\/2023\/02\/cabana-capra-3.jpeg\" \/>\n\t<meta property=\"og:image:width\" content=\"960\" \/>\n\t<meta property=\"og:image:height\" content=\"720\" \/>\n\t<meta property=\"og:image:type\" content=\"image\/jpeg\" \/>\n<meta name=\"twitter:card\" content=\"summary_large_image\" \/>\n<meta name=\"twitter:label1\" content=\"Scris de\" \/>\n\t<meta name=\"twitter:data1\" content=\"C\u0103lin Pop\" \/>\n\t<meta name=\"twitter:label2\" content=\"Timp estimat pentru citire\" \/>\n\t<meta name=\"twitter:data2\" content=\"3 minute\" \/>\n<script type=\"application\/ld+json\" class=\"yoast-schema-graph\">{\"@context\":\"https:\/\/schema.org\",\"@graph\":[{\"@type\":\"WebSite\",\"@id\":\"https:\/\/ski-outdoor.ro\/ski\/#website\",\"url\":\"https:\/\/ski-outdoor.ro\/ski\/\",\"name\":\"Ski Magazine\",\"description\":\"\",\"potentialAction\":[{\"@type\":\"SearchAction\",\"target\":{\"@type\":\"EntryPoint\",\"urlTemplate\":\"https:\/\/ski-outdoor.ro\/ski\/?s={search_term_string}\"},\"query-input\":\"required name=search_term_string\"}],\"inLanguage\":\"ro-RO\"},{\"@type\":\"ImageObject\",\"@id\":\"https:\/\/ski-outdoor.ro\/ski\/2023\/02\/05\/zeci-de-persoane-izolate-la-cabana-capra-din-fagaras-in-urma-unei-avalanse\/#primaryimage\",\"inLanguage\":\"ro-RO\",\"url\":\"https:\/\/ski-outdoor.ro\/ski\/wp-content\/uploads\/sites\/2\/2023\/02\/cabana-capra-3.jpeg\",\"contentUrl\":\"https:\/\/ski-outdoor.ro\/ski\/wp-content\/uploads\/sites\/2\/2023\/02\/cabana-capra-3.jpeg\",\"width\":960,\"height\":720},{\"@type\":\"WebPage\",\"@id\":\"https:\/\/ski-outdoor.ro\/ski\/2023\/02\/05\/zeci-de-persoane-izolate-la-cabana-capra-din-fagaras-in-urma-unei-avalanse\/#webpage\",\"url\":\"https:\/\/ski-outdoor.ro\/ski\/2023\/02\/05\/zeci-de-persoane-izolate-la-cabana-capra-din-fagaras-in-urma-unei-avalanse\/\",\"name\":\"UPDATE Zeci de persoane izolate la Cabana Capra din F\u0103g\u0103ra\u0219 \u00een urma unei avalan\u0219e - Ski Magazine\",\"isPartOf\":{\"@id\":\"https:\/\/ski-outdoor.ro\/ski\/#website\"},\"primaryImageOfPage\":{\"@id\":\"https:\/\/ski-outdoor.ro\/ski\/2023\/02\/05\/zeci-de-persoane-izolate-la-cabana-capra-din-fagaras-in-urma-unei-avalanse\/#primaryimage\"},\"datePublished\":\"2023-02-05T08:38:34+00:00\",\"dateModified\":\"2023-02-05T08:41:30+00:00\",\"author\":{\"@id\":\"https:\/\/ski-outdoor.ro\/ski\/#\/schema\/person\/3d8c2382a34197255067399194217080\"},\"breadcrumb\":{\"@id\":\"https:\/\/ski-outdoor.ro\/ski\/2023\/02\/05\/zeci-de-persoane-izolate-la-cabana-capra-din-fagaras-in-urma-unei-avalanse\/#breadcrumb\"},\"inLanguage\":\"ro-RO\",\"potentialAction\":[{\"@type\":\"ReadAction\",\"target\":[\"https:\/\/ski-outdoor.ro\/ski\/2023\/02\/05\/zeci-de-persoane-izolate-la-cabana-capra-din-fagaras-in-urma-unei-avalanse\/\"]}]},{\"@type\":\"BreadcrumbList\",\"@id\":\"https:\/\/ski-outdoor.ro\/ski\/2023\/02\/05\/zeci-de-persoane-izolate-la-cabana-capra-din-fagaras-in-urma-unei-avalanse\/#breadcrumb\",\"itemListElement\":[{\"@type\":\"ListItem\",\"position\":1,\"name\":\"Home\",\"item\":\"https:\/\/ski-outdoor.ro\/ski\/\"},{\"@type\":\"ListItem\",\"position\":2,\"name\":\"UPDATE Zeci de persoane izolate la Cabana Capra din F\u0103g\u0103ra\u0219 \u00een urma unei avalan\u0219e\"}]},{\"@type\":\"Person\",\"@id\":\"https:\/\/ski-outdoor.ro\/ski\/#\/schema\/person\/3d8c2382a34197255067399194217080\",\"name\":\"C\u0103lin Pop\",\"image\":{\"@type\":\"ImageObject\",\"@id\":\"https:\/\/ski-outdoor.ro\/ski\/#personlogo\",\"inLanguage\":\"ro-RO\",\"url\":\"https:\/\/secure.gravatar.com\/avatar\/44fa4e362161e127dec2a82f7585cbd5?s=96&d=mm&r=g\",\"contentUrl\":\"https:\/\/secure.gravatar.com\/avatar\/44fa4e362161e127dec2a82f7585cbd5?s=96&d=mm&r=g\",\"caption\":\"C\u0103lin Pop\"},\"url\":\"https:\/\/ski-outdoor.ro\/ski\/author\/calinpop\/\"}]}<\/script>\n<!-- \/ Yoast SEO plugin. -->","yoast_head_json":{"title":"UPDATE Zeci de persoane izolate la Cabana Capra din F\u0103g\u0103ra\u0219 \u00een urma unei avalan\u0219e - Ski Magazine","robots":{"index":"index","follow":"follow","max-snippet":"max-snippet:-1","max-image-preview":"max-image-preview:large","max-video-preview":"max-video-preview:-1"},"canonical":"https:\/\/ski-outdoor.ro\/ski\/2023\/02\/05\/zeci-de-persoane-izolate-la-cabana-capra-din-fagaras-in-urma-unei-avalanse\/","og_locale":"ro_RO","og_type":"article","og_title":"UPDATE Zeci de persoane izolate la Cabana Capra din F\u0103g\u0103ra\u0219 \u00een urma unei avalan\u0219e - Ski Magazine","og_description":"Zeci de persoane sunt izolate \u00een Cabana Capra din F\u0103g\u0103ra\u0219, unde a avut loc o avalan\u0219\u0103 de z\u0103pad\u0103. Mai multe...","og_url":"https:\/\/ski-outdoor.ro\/ski\/2023\/02\/05\/zeci-de-persoane-izolate-la-cabana-capra-din-fagaras-in-urma-unei-avalanse\/","og_site_name":"Ski Magazine","article_published_time":"2023-02-05T08:38:34+00:00","article_modified_time":"2023-02-05T08:41:30+00:00","og_image":[{"width":960,"height":720,"url":"https:\/\/ski-outdoor.ro\/ski\/wp-content\/uploads\/sites\/2\/2023\/02\/cabana-capra-3.jpeg","type":"image\/jpeg"}],"twitter_card":"summary_large_image","twitter_misc":{"Scris de":"C\u0103lin Pop","Timp estimat pentru citire":"3 minute"},"schema":{"@context":"https:\/\/schema.org","@graph":[{"@type":"WebSite","@id":"https:\/\/ski-outdoor.ro\/ski\/#website","url":"https:\/\/ski-outdoor.ro\/ski\/","name":"Ski Magazine","description":"","potentialAction":[{"@type":"SearchAction","target":{"@type":"EntryPoint","urlTemplate":"https:\/\/ski-outdoor.ro\/ski\/?s={search_term_string}"},"query-input":"required name=search_term_string"}],"inLanguage":"ro-RO"},{"@type":"ImageObject","@id":"https:\/\/ski-outdoor.ro\/ski\/2023\/02\/05\/zeci-de-persoane-izolate-la-cabana-capra-din-fagaras-in-urma-unei-avalanse\/#primaryimage","inLanguage":"ro-RO","url":"https:\/\/ski-outdoor.ro\/ski\/wp-content\/uploads\/sites\/2\/2023\/02\/cabana-capra-3.jpeg","contentUrl":"https:\/\/ski-outdoor.ro\/ski\/wp-content\/uploads\/sites\/2\/2023\/02\/cabana-capra-3.jpeg","width":960,"height":720},{"@type":"WebPage","@id":"https:\/\/ski-outdoor.ro\/ski\/2023\/02\/05\/zeci-de-persoane-izolate-la-cabana-capra-din-fagaras-in-urma-unei-avalanse\/#webpage","url":"https:\/\/ski-outdoor.ro\/ski\/2023\/02\/05\/zeci-de-persoane-izolate-la-cabana-capra-din-fagaras-in-urma-unei-avalanse\/","name":"UPDATE Zeci de persoane izolate la Cabana Capra din F\u0103g\u0103ra\u0219 \u00een urma unei avalan\u0219e - Ski Magazine","isPartOf":{"@id":"https:\/\/ski-outdoor.ro\/ski\/#website"},"primaryImageOfPage":{"@id":"https:\/\/ski-outdoor.ro\/ski\/2023\/02\/05\/zeci-de-persoane-izolate-la-cabana-capra-din-fagaras-in-urma-unei-avalanse\/#primaryimage"},"datePublished":"2023-02-05T08:38:34+00:00","dateModified":"2023-02-05T08:41:30+00:00","author":{"@id":"https:\/\/ski-outdoor.ro\/ski\/#\/schema\/person\/3d8c2382a34197255067399194217080"},"breadcrumb":{"@id":"https:\/\/ski-outdoor.ro\/ski\/2023\/02\/05\/zeci-de-persoane-izolate-la-cabana-capra-din-fagaras-in-urma-unei-avalanse\/#breadcrumb"},"inLanguage":"ro-RO","potentialAction":[{"@type":"ReadAction","target":["https:\/\/ski-outdoor.ro\/ski\/2023\/02\/05\/zeci-de-persoane-izolate-la-cabana-capra-din-fagaras-in-urma-unei-avalanse\/"]}]},{"@type":"BreadcrumbList","@id":"https:\/\/ski-outdoor.ro\/ski\/2023\/02\/05\/zeci-de-persoane-izolate-la-cabana-capra-din-fagaras-in-urma-unei-avalanse\/#breadcrumb","itemListElement":[{"@type":"ListItem","position":1,"name":"Home","item":"https:\/\/ski-outdoor.ro\/ski\/"},{"@type":"ListItem","position":2,"name":"UPDATE Zeci de persoane izolate la Cabana Capra din F\u0103g\u0103ra\u0219 \u00een urma unei avalan\u0219e"}]},{"@type":"Person","@id":"https:\/\/ski-outdoor.ro\/ski\/#\/schema\/person\/3d8c2382a34197255067399194217080","name":"C\u0103lin Pop","image":{"@type":"ImageObject","@id":"https:\/\/ski-outdoor.ro\/ski\/#personlogo","inLanguage":"ro-RO","url":"https:\/\/secure.gravatar.com\/avatar\/44fa4e362161e127dec2a82f7585cbd5?s=96&d=mm&r=g","contentUrl":"https:\/\/secure.gravatar.com\/avatar\/44fa4e362161e127dec2a82f7585cbd5?s=96&d=mm&r=g","caption":"C\u0103lin Pop"},"url":"https:\/\/ski-outdoor.ro\/ski\/author\/calinpop\/"}]}},"_links":{"self":[{"href":"https:\/\/ski-outdoor.ro\/ski\/wp-json\/wp\/v2\/posts\/22099"}],"collection":[{"href":"https:\/\/ski-outdoor.ro\/ski\/wp-json\/wp\/v2\/posts"}],"about":[{"href":"https:\/\/ski-outdoor.ro\/ski\/wp-json\/wp\/v2\/types\/post"}],"author":[{"embeddable":true,"href":"https:\/\/ski-outdoor.ro\/ski\/wp-json\/wp\/v2\/users\/23"}],"replies":[{"embeddable":true,"href":"https:\/\/ski-outdoor.ro\/ski\/wp-json\/wp\/v2\/comments?post=22099"}],"version-history":[{"count":2,"href":"https:\/\/ski-outdoor.ro\/ski\/wp-json\/wp\/v2\/posts\/22099\/revisions"}],"predecessor-version":[{"id":22104,"href":"https:\/\/ski-outdoor.ro\/ski\/wp-json\/wp\/v2\/posts\/22099\/revisions\/22104"}],"wp:featuredmedia":[{"embeddable":true,"href":"https:\/\/ski-outdoor.ro\/ski\/wp-json\/wp\/v2\/media\/22100"}],"wp:attachment":[{"href":"https:\/\/ski-outdoor.ro\/ski\/wp-json\/wp\/v2\/media?parent=22099"}],"wp:term":[{"taxonomy":"category","embeddable":true,"href":"https:\/\/ski-outdoor.ro\/ski\/wp-json\/wp\/v2\/categories?post=22099"},{"taxonomy":"post_tag","embeddable":true,"href":"https:\/\/ski-outdoor.ro\/ski\/wp-json\/wp\/v2\/tags?post=22099"}],"curies":[{"name":"wp","href":"https:\/\/api.w.org\/{rel}","templated":true}]}}