{"id":22145,"date":"2023-02-09T12:18:54","date_gmt":"2023-02-09T10:18:54","guid":{"rendered":"https:\/\/ski-outdoor.ro\/ski\/?p=22145"},"modified":"2023-02-09T17:12:55","modified_gmt":"2023-02-09T15:12:55","slug":"s-a-deschis-sezonul-de-schi-pe-partia-nemira-din-slanic-moldova","status":"publish","type":"post","link":"https:\/\/ski-outdoor.ro\/ski\/2023\/02\/09\/s-a-deschis-sezonul-de-schi-pe-partia-nemira-din-slanic-moldova\/","title":{"rendered":"S-a deschis sezonul de schi pe p\u00e2rtia Nemira din Sl\u0103nic Moldova"},"content":{"rendered":"<p><strong>Joi s-a deschis sezonul de schi pe p\u00e2rtia Nemira din Sl\u0103nic Moldova.<\/strong><\/p>\n<p>Programul telescaunului va fi zilnic de la 10.00 la 18.00, cu excep\u021bia zilelor de miercuri, c\u00e2nd sunt programate revizii tehnice.<\/p>\n<p>P\u00e2rtia de schi Nemira are op lungime de 1,4 kilometri, o l\u0103\u021bime medie de 38 de metri \u0219i o pant\u0103 medie de 17%.<\/p>\n<p>Ea este situat\u0103 la intrarea \u00een sta\u021biunea Sl\u0103nic Moldova, jude\u021bul Bac\u0103u, la 100 de metri de DN 12 B.<\/p>\n<p>\u00cen zon\u0103 vor fi jandarmii din Bac\u0103u.<\/p>\n<blockquote><p><em>\u201eOdat\u0103 cu deschiderea p\u00e2rtiei Nemira, jandarmii montani din Sl\u0103nic Moldova sunt al\u0103turi de iubitorii sporturilor de iarn\u0103 preg\u0103ti\u021bi s\u0103 acorde sprijin persoanelor aflate \u00een dificultate, s\u0103 intervin\u0103 \u00een situa\u021bii de urgen\u021b\u0103, dar \u015fi \u00een cazul constat\u0103rii unor abateri de la normele legale. Pentru un weekend reu\u0219it pe p\u00e2rtie, dar \u0219i pentru siguran\u021ba voastr\u0103 \u0219i a celor din jur, jandarmii montani v\u0103 recomand\u0103 s\u0103 nu cobor\u00e2\u021bi pe p\u00e2rtie sau pe traseele de schi utiliz\u00e2nd s\u0103nii ori dispozitive improvizate sau alte materiale, s\u0103 fi\u021bi echipa\u0163i adecvat practic\u0103rii sporturilor de iarn\u0103,( casca fiind un accesoriu obligatoriu), s\u0103\u00a0 respecta\u021bi ceilal\u021bi schiori \u0219i snowboarderi de pe partie, s\u0103 alege\u021bi ruta( traseul ) pe p\u00e2rtie \u00een func\u021bie de nivelul de preg\u0103tire, astfel \u00eenc\u00e2t s\u0103 nu incomoda\u021bi sau s\u0103 pune\u021bi \u00een pericol pe cei din fa\u021ba voastr\u0103, s\u0103 p\u0103stra\u021bi cur\u0103\u021benia ca \u00een alte locuri publice, iar atunci c\u00e2nd sta\u021bi la r\u00e2nd la sistemul de urcare, unde trebuie s\u0103 v\u0103 p\u0103stra\u021bi calmul s\u0103 fi\u021bi aten\u021bi s\u0103 nu deranja\u021bi celelalte persoane\u201d<\/em>, sunt recomand\u0103rile jandarmilor de la IJJ Bac\u0103u.<\/p><\/blockquote>\n<p><em>Scris de: C\u0103lin Pop<\/em><\/p>\n","protected":false},"excerpt":{"rendered":"<p>Joi s-a deschis sezonul de schi pe p\u00e2rtia Nemira din Sl\u0103nic Moldova. Programul telescaunului va fi zilnic de la 10.00&#8230;<\/p>\n","protected":false},"author":23,"featured_media":22148,"comment_status":"closed","ping_status":"closed","sticky":false,"template":"","format":"standard","meta":[],"categories":[2770],"tags":[5930,4729,3209,5929,117,155,954],"yoast_head":"<!-- This site is optimized with the Yoast SEO plugin v18.4.1 - https:\/\/yoast.com\/wordpress\/plugins\/seo\/ -->\n<title>S-a deschis sezonul de schi pe p\u00e2rtia Nemira din Sl\u0103nic Moldova - Ski Magazine<\/title>\n<meta name=\"robots\" content=\"index, follow, max-snippet:-1, max-image-preview:large, max-video-preview:-1\" \/>\n<link rel=\"canonical\" href=\"https:\/\/ski-outdoor.ro\/ski\/2023\/02\/09\/s-a-deschis-sezonul-de-schi-pe-partia-nemira-din-slanic-moldova\/\" \/>\n<meta property=\"og:locale\" content=\"ro_RO\" \/>\n<meta property=\"og:type\" content=\"article\" \/>\n<meta property=\"og:title\" content=\"S-a deschis sezonul de schi pe p\u00e2rtia Nemira din Sl\u0103nic Moldova - Ski Magazine\" \/>\n<meta property=\"og:description\" content=\"Joi s-a deschis sezonul de schi pe p\u00e2rtia Nemira din Sl\u0103nic Moldova. Programul telescaunului va fi zilnic de la 10.00...\" \/>\n<meta property=\"og:url\" content=\"https:\/\/ski-outdoor.ro\/ski\/2023\/02\/09\/s-a-deschis-sezonul-de-schi-pe-partia-nemira-din-slanic-moldova\/\" \/>\n<meta property=\"og:site_name\" content=\"Ski Magazine\" \/>\n<meta property=\"article:published_time\" content=\"2023-02-09T10:18:54+00:00\" \/>\n<meta property=\"article:modified_time\" content=\"2023-02-09T15:12:55+00:00\" \/>\n<meta property=\"og:image\" content=\"https:\/\/ski-outdoor.ro\/ski\/wp-content\/uploads\/sites\/2\/2023\/02\/jandarmi-nemira-1.jpg\" \/>\n\t<meta property=\"og:image:width\" content=\"1191\" \/>\n\t<meta property=\"og:image:height\" content=\"1349\" \/>\n\t<meta property=\"og:image:type\" content=\"image\/jpeg\" \/>\n<meta name=\"twitter:card\" content=\"summary_large_image\" \/>\n<meta name=\"twitter:label1\" content=\"Scris de\" \/>\n\t<meta name=\"twitter:data1\" content=\"C\u0103lin Pop\" \/>\n\t<meta name=\"twitter:label2\" content=\"Timp estimat pentru citire\" \/>\n\t<meta name=\"twitter:data2\" content=\"1 minut\" \/>\n<script type=\"application\/ld+json\" class=\"yoast-schema-graph\">{\"@context\":\"https:\/\/schema.org\",\"@graph\":[{\"@type\":\"WebSite\",\"@id\":\"https:\/\/ski-outdoor.ro\/ski\/#website\",\"url\":\"https:\/\/ski-outdoor.ro\/ski\/\",\"name\":\"Ski Magazine\",\"description\":\"\",\"potentialAction\":[{\"@type\":\"SearchAction\",\"target\":{\"@type\":\"EntryPoint\",\"urlTemplate\":\"https:\/\/ski-outdoor.ro\/ski\/?s={search_term_string}\"},\"query-input\":\"required name=search_term_string\"}],\"inLanguage\":\"ro-RO\"},{\"@type\":\"ImageObject\",\"@id\":\"https:\/\/ski-outdoor.ro\/ski\/2023\/02\/09\/s-a-deschis-sezonul-de-schi-pe-partia-nemira-din-slanic-moldova\/#primaryimage\",\"inLanguage\":\"ro-RO\",\"url\":\"https:\/\/ski-outdoor.ro\/ski\/wp-content\/uploads\/sites\/2\/2023\/02\/jandarmi-nemira-1.jpg\",\"contentUrl\":\"https:\/\/ski-outdoor.ro\/ski\/wp-content\/uploads\/sites\/2\/2023\/02\/jandarmi-nemira-1.jpg\",\"width\":1191,\"height\":1349},{\"@type\":\"WebPage\",\"@id\":\"https:\/\/ski-outdoor.ro\/ski\/2023\/02\/09\/s-a-deschis-sezonul-de-schi-pe-partia-nemira-din-slanic-moldova\/#webpage\",\"url\":\"https:\/\/ski-outdoor.ro\/ski\/2023\/02\/09\/s-a-deschis-sezonul-de-schi-pe-partia-nemira-din-slanic-moldova\/\",\"name\":\"S-a deschis sezonul de schi pe p\u00e2rtia Nemira din Sl\u0103nic Moldova - Ski Magazine\",\"isPartOf\":{\"@id\":\"https:\/\/ski-outdoor.ro\/ski\/#website\"},\"primaryImageOfPage\":{\"@id\":\"https:\/\/ski-outdoor.ro\/ski\/2023\/02\/09\/s-a-deschis-sezonul-de-schi-pe-partia-nemira-din-slanic-moldova\/#primaryimage\"},\"datePublished\":\"2023-02-09T10:18:54+00:00\",\"dateModified\":\"2023-02-09T15:12:55+00:00\",\"author\":{\"@id\":\"https:\/\/ski-outdoor.ro\/ski\/#\/schema\/person\/3d8c2382a34197255067399194217080\"},\"breadcrumb\":{\"@id\":\"https:\/\/ski-outdoor.ro\/ski\/2023\/02\/09\/s-a-deschis-sezonul-de-schi-pe-partia-nemira-din-slanic-moldova\/#breadcrumb\"},\"inLanguage\":\"ro-RO\",\"potentialAction\":[{\"@type\":\"ReadAction\",\"target\":[\"https:\/\/ski-outdoor.ro\/ski\/2023\/02\/09\/s-a-deschis-sezonul-de-schi-pe-partia-nemira-din-slanic-moldova\/\"]}]},{\"@type\":\"BreadcrumbList\",\"@id\":\"https:\/\/ski-outdoor.ro\/ski\/2023\/02\/09\/s-a-deschis-sezonul-de-schi-pe-partia-nemira-din-slanic-moldova\/#breadcrumb\",\"itemListElement\":[{\"@type\":\"ListItem\",\"position\":1,\"name\":\"Home\",\"item\":\"https:\/\/ski-outdoor.ro\/ski\/\"},{\"@type\":\"ListItem\",\"position\":2,\"name\":\"S-a deschis sezonul de schi pe p\u00e2rtia Nemira din Sl\u0103nic Moldova\"}]},{\"@type\":\"Person\",\"@id\":\"https:\/\/ski-outdoor.ro\/ski\/#\/schema\/person\/3d8c2382a34197255067399194217080\",\"name\":\"C\u0103lin Pop\",\"image\":{\"@type\":\"ImageObject\",\"@id\":\"https:\/\/ski-outdoor.ro\/ski\/#personlogo\",\"inLanguage\":\"ro-RO\",\"url\":\"https:\/\/secure.gravatar.com\/avatar\/44fa4e362161e127dec2a82f7585cbd5?s=96&d=mm&r=g\",\"contentUrl\":\"https:\/\/secure.gravatar.com\/avatar\/44fa4e362161e127dec2a82f7585cbd5?s=96&d=mm&r=g\",\"caption\":\"C\u0103lin Pop\"},\"url\":\"https:\/\/ski-outdoor.ro\/ski\/author\/calinpop\/\"}]}<\/script>\n<!-- \/ Yoast SEO plugin. -->","yoast_head_json":{"title":"S-a deschis sezonul de schi pe p\u00e2rtia Nemira din Sl\u0103nic Moldova - Ski Magazine","robots":{"index":"index","follow":"follow","max-snippet":"max-snippet:-1","max-image-preview":"max-image-preview:large","max-video-preview":"max-video-preview:-1"},"canonical":"https:\/\/ski-outdoor.ro\/ski\/2023\/02\/09\/s-a-deschis-sezonul-de-schi-pe-partia-nemira-din-slanic-moldova\/","og_locale":"ro_RO","og_type":"article","og_title":"S-a deschis sezonul de schi pe p\u00e2rtia Nemira din Sl\u0103nic Moldova - Ski Magazine","og_description":"Joi s-a deschis sezonul de schi pe p\u00e2rtia Nemira din Sl\u0103nic Moldova. Programul telescaunului va fi zilnic de la 10.00...","og_url":"https:\/\/ski-outdoor.ro\/ski\/2023\/02\/09\/s-a-deschis-sezonul-de-schi-pe-partia-nemira-din-slanic-moldova\/","og_site_name":"Ski Magazine","article_published_time":"2023-02-09T10:18:54+00:00","article_modified_time":"2023-02-09T15:12:55+00:00","og_image":[{"width":1191,"height":1349,"url":"https:\/\/ski-outdoor.ro\/ski\/wp-content\/uploads\/sites\/2\/2023\/02\/jandarmi-nemira-1.jpg","type":"image\/jpeg"}],"twitter_card":"summary_large_image","twitter_misc":{"Scris de":"C\u0103lin Pop","Timp estimat pentru citire":"1 minut"},"schema":{"@context":"https:\/\/schema.org","@graph":[{"@type":"WebSite","@id":"https:\/\/ski-outdoor.ro\/ski\/#website","url":"https:\/\/ski-outdoor.ro\/ski\/","name":"Ski Magazine","description":"","potentialAction":[{"@type":"SearchAction","target":{"@type":"EntryPoint","urlTemplate":"https:\/\/ski-outdoor.ro\/ski\/?s={search_term_string}"},"query-input":"required name=search_term_string"}],"inLanguage":"ro-RO"},{"@type":"ImageObject","@id":"https:\/\/ski-outdoor.ro\/ski\/2023\/02\/09\/s-a-deschis-sezonul-de-schi-pe-partia-nemira-din-slanic-moldova\/#primaryimage","inLanguage":"ro-RO","url":"https:\/\/ski-outdoor.ro\/ski\/wp-content\/uploads\/sites\/2\/2023\/02\/jandarmi-nemira-1.jpg","contentUrl":"https:\/\/ski-outdoor.ro\/ski\/wp-content\/uploads\/sites\/2\/2023\/02\/jandarmi-nemira-1.jpg","width":1191,"height":1349},{"@type":"WebPage","@id":"https:\/\/ski-outdoor.ro\/ski\/2023\/02\/09\/s-a-deschis-sezonul-de-schi-pe-partia-nemira-din-slanic-moldova\/#webpage","url":"https:\/\/ski-outdoor.ro\/ski\/2023\/02\/09\/s-a-deschis-sezonul-de-schi-pe-partia-nemira-din-slanic-moldova\/","name":"S-a deschis sezonul de schi pe p\u00e2rtia Nemira din Sl\u0103nic Moldova - Ski Magazine","isPartOf":{"@id":"https:\/\/ski-outdoor.ro\/ski\/#website"},"primaryImageOfPage":{"@id":"https:\/\/ski-outdoor.ro\/ski\/2023\/02\/09\/s-a-deschis-sezonul-de-schi-pe-partia-nemira-din-slanic-moldova\/#primaryimage"},"datePublished":"2023-02-09T10:18:54+00:00","dateModified":"2023-02-09T15:12:55+00:00","author":{"@id":"https:\/\/ski-outdoor.ro\/ski\/#\/schema\/person\/3d8c2382a34197255067399194217080"},"breadcrumb":{"@id":"https:\/\/ski-outdoor.ro\/ski\/2023\/02\/09\/s-a-deschis-sezonul-de-schi-pe-partia-nemira-din-slanic-moldova\/#breadcrumb"},"inLanguage":"ro-RO","potentialAction":[{"@type":"ReadAction","target":["https:\/\/ski-outdoor.ro\/ski\/2023\/02\/09\/s-a-deschis-sezonul-de-schi-pe-partia-nemira-din-slanic-moldova\/"]}]},{"@type":"BreadcrumbList","@id":"https:\/\/ski-outdoor.ro\/ski\/2023\/02\/09\/s-a-deschis-sezonul-de-schi-pe-partia-nemira-din-slanic-moldova\/#breadcrumb","itemListElement":[{"@type":"ListItem","position":1,"name":"Home","item":"https:\/\/ski-outdoor.ro\/ski\/"},{"@type":"ListItem","position":2,"name":"S-a deschis sezonul de schi pe p\u00e2rtia Nemira din Sl\u0103nic Moldova"}]},{"@type":"Person","@id":"https:\/\/ski-outdoor.ro\/ski\/#\/schema\/person\/3d8c2382a34197255067399194217080","name":"C\u0103lin Pop","image":{"@type":"ImageObject","@id":"https:\/\/ski-outdoor.ro\/ski\/#personlogo","inLanguage":"ro-RO","url":"https:\/\/secure.gravatar.com\/avatar\/44fa4e362161e127dec2a82f7585cbd5?s=96&d=mm&r=g","contentUrl":"https:\/\/secure.gravatar.com\/avatar\/44fa4e362161e127dec2a82f7585cbd5?s=96&d=mm&r=g","caption":"C\u0103lin Pop"},"url":"https:\/\/ski-outdoor.ro\/ski\/author\/calinpop\/"}]}},"_links":{"self":[{"href":"https:\/\/ski-outdoor.ro\/ski\/wp-json\/wp\/v2\/posts\/22145"}],"collection":[{"href":"https:\/\/ski-outdoor.ro\/ski\/wp-json\/wp\/v2\/posts"}],"about":[{"href":"https:\/\/ski-outdoor.ro\/ski\/wp-json\/wp\/v2\/types\/post"}],"author":[{"embeddable":true,"href":"https:\/\/ski-outdoor.ro\/ski\/wp-json\/wp\/v2\/users\/23"}],"replies":[{"embeddable":true,"href":"https:\/\/ski-outdoor.ro\/ski\/wp-json\/wp\/v2\/comments?post=22145"}],"version-history":[{"count":1,"href":"https:\/\/ski-outdoor.ro\/ski\/wp-json\/wp\/v2\/posts\/22145\/revisions"}],"predecessor-version":[{"id":22147,"href":"https:\/\/ski-outdoor.ro\/ski\/wp-json\/wp\/v2\/posts\/22145\/revisions\/22147"}],"wp:featuredmedia":[{"embeddable":true,"href":"https:\/\/ski-outdoor.ro\/ski\/wp-json\/wp\/v2\/media\/22148"}],"wp:attachment":[{"href":"https:\/\/ski-outdoor.ro\/ski\/wp-json\/wp\/v2\/media?parent=22145"}],"wp:term":[{"taxonomy":"category","embeddable":true,"href":"https:\/\/ski-outdoor.ro\/ski\/wp-json\/wp\/v2\/categories?post=22145"},{"taxonomy":"post_tag","embeddable":true,"href":"https:\/\/ski-outdoor.ro\/ski\/wp-json\/wp\/v2\/tags?post=22145"}],"curies":[{"name":"wp","href":"https:\/\/api.w.org\/{rel}","templated":true}]}}