{"id":22226,"date":"2023-02-21T14:28:06","date_gmt":"2023-02-21T12:28:06","guid":{"rendered":"https:\/\/ski-outdoor.ro\/ski\/?p=22226"},"modified":"2023-02-21T14:28:06","modified_gmt":"2023-02-21T12:28:06","slug":"la-les-3-vallees-cu-revolution-kids","status":"publish","type":"post","link":"https:\/\/ski-outdoor.ro\/ski\/2023\/02\/21\/la-les-3-vallees-cu-revolution-kids\/","title":{"rendered":"La Les 3 Vall\u00e9es cu Revolution Kids"},"content":{"rendered":"<p><strong>\u00cen ianuarie, c\u00e2nd stai cu ochii de o lun\u0103 pe prognozele meteo cu speran\u021ba c\u0103 z\u0103pada totu\u0219i va ap\u0103rea, dar deprimantul +10 grade a pus st\u0103p\u00e2nire pe \u00eentreaga \u021bar\u0103 \u0219i nu se d\u0103 plecat, inclusiv la munte, c\u00e2nd \u00eentreg ora\u0219ul e gri, pr\u0103fuit \u0219i sufer\u0103 de depresia post-s\u0103rb\u0103tori de iarn\u0103, e momentul s\u0103 dai cu \u0219apca de p\u0103m\u00e2nt \u0219i s\u0103 pleci spre z\u0103ri mai friguroase \u0219i mai promi\u021b\u0103toare.<\/strong><\/p>\n<p>Cu sufletul t\u00e2njind dup\u0103 z\u0103pad\u0103 ca \u00eensetatul r\u0103t\u0103cind de s\u0103pt\u0103m\u00e2ni prin de\u0219ert, m-am \u00eempachetat \u0219i m-am pus pe avion spre Alpii francezi, la 3 Vall<em>\u00e9<\/em>es, probabil cel mai \u00eentins domeniu schiabil din \u00eentreaga lume, \u00eentre 1000 \u0219i 3200 m altitudine, cu 600 de km de p\u00e2rtii \u00eentinse pe 3 v\u0103i imense \u0219i cu 7 sta\u021biuni. Aici, ni\u0219te b\u0103ie\u021bi de treab\u0103 din Cluj \u0219i T\u00e2rgu Mure\u0219, pe numele lor de \u201cscen\u0103\u201d Revolution Kids, au organizat o excursie de schi \u0219i snowboard pentru \u00eemp\u0103timi\u021bii de gen, vreo 800, printre care m-am num\u0103rat \u0219i eu, desigur.<\/p>\n<p><img loading=\"lazy\" class=\"alignnone wp-image-22231 size-full\" src=\"https:\/\/ski-outdoor.ro\/ski\/wp-content\/uploads\/sites\/2\/2023\/02\/Les-3-Vallees-2.jpg\" alt=\"\" width=\"960\" height=\"455\" srcset=\"https:\/\/ski-outdoor.ro\/ski\/wp-content\/uploads\/sites\/2\/2023\/02\/Les-3-Vallees-2.jpg 960w, https:\/\/ski-outdoor.ro\/ski\/wp-content\/uploads\/sites\/2\/2023\/02\/Les-3-Vallees-2-300x142.jpg 300w, https:\/\/ski-outdoor.ro\/ski\/wp-content\/uploads\/sites\/2\/2023\/02\/Les-3-Vallees-2-768x364.jpg 768w, https:\/\/ski-outdoor.ro\/ski\/wp-content\/uploads\/sites\/2\/2023\/02\/Les-3-Vallees-2-370x175.jpg 370w, https:\/\/ski-outdoor.ro\/ski\/wp-content\/uploads\/sites\/2\/2023\/02\/Les-3-Vallees-2-570x270.jpg 570w, https:\/\/ski-outdoor.ro\/ski\/wp-content\/uploads\/sites\/2\/2023\/02\/Les-3-Vallees-2-770x365.jpg 770w\" sizes=\"(max-width: 960px) 100vw, 960px\" \/><\/p>\n<p>Prima zi a debutat destul de promi\u021b\u0103tor, c\u00e2\u021biva nori, pu\u021bintel v\u00e2nt \u0219i ni\u021bic\u0103 z\u0103pad\u0103. Venind din Clujul pr\u0103fuit \u0219i obosit, a fost bine, dar bine\u00een\u021beles c\u0103 sufletul \u00eemi t\u00e2njea dup\u0103 z\u0103pad\u0103 ca-n pove\u0219ti.\u00a0 Din Menuires am luat \u201ccea mai rapid\u0103 telegondol\u0103 din lume\u201d spre Point de la Masse, un v\u00e2rf de 2800 de metri al c\u0103rui nume nu-l prea avantajeaz\u0103 (puteau g\u0103\u0219i ceva mai spectaculos, dar poate francezii au r\u0103mas \u00een pan\u0103 de inspira\u021bie). Panorama de 360 de grade \u00eentr-o zi \u00eensorit\u0103 \u00ee\u021bi taie r\u0103suflarea, te d\u0103 pe spate, te las\u0103 cu gura c\u0103scat\u0103 ca la dentist (\u0219i nu \u0219tiu ce alte vorbe din popor s\u0103 mai evoc). E clar c\u0103 nici vorbele \u0219i nici fotografiile nu pot s\u0103 redea dimensiunea vastit\u0103\u021bii zecilor de v\u00e2rfuri care se \u00een\u0219ir\u0103 unul dup\u0103 altul p\u00e2n\u0103 departe \u00een zare, asemeni unor spin\u0103ri de dinozauri \u00eenghesui\u021bi \u00eentr-o parcare de nivel planetar. Am cobor\u00e2t p\u00e2rtia destul de \u00eenghe\u021bat\u0103, tasat\u0103 \u0219i tare ca un beton, g\u00e2ndindu-m\u0103 din nou ce fain ar fi s\u0103 mai ning\u0103 totu\u0219i\u2026 hai c\u0103 se poate, \u201cDoamne ajut\u0103!\u201d<\/p>\n<p><img loading=\"lazy\" class=\"alignnone wp-image-22232 size-full\" src=\"https:\/\/ski-outdoor.ro\/ski\/wp-content\/uploads\/sites\/2\/2023\/02\/Les-3-Vallees-1.jpg\" alt=\"\" width=\"960\" height=\"454\" srcset=\"https:\/\/ski-outdoor.ro\/ski\/wp-content\/uploads\/sites\/2\/2023\/02\/Les-3-Vallees-1.jpg 960w, https:\/\/ski-outdoor.ro\/ski\/wp-content\/uploads\/sites\/2\/2023\/02\/Les-3-Vallees-1-300x142.jpg 300w, https:\/\/ski-outdoor.ro\/ski\/wp-content\/uploads\/sites\/2\/2023\/02\/Les-3-Vallees-1-768x363.jpg 768w, https:\/\/ski-outdoor.ro\/ski\/wp-content\/uploads\/sites\/2\/2023\/02\/Les-3-Vallees-1-370x175.jpg 370w, https:\/\/ski-outdoor.ro\/ski\/wp-content\/uploads\/sites\/2\/2023\/02\/Les-3-Vallees-1-570x270.jpg 570w, https:\/\/ski-outdoor.ro\/ski\/wp-content\/uploads\/sites\/2\/2023\/02\/Les-3-Vallees-1-770x364.jpg 770w\" sizes=\"(max-width: 960px) 100vw, 960px\" \/><\/p>\n<p>\u0218i apoi, \u00een c\u00e2teva ore, Domnul a ajutat. \u00cent\u00e2i timid, apoi p\u00e2n\u0103 n-am mai putut duce. Exact pe principiul \u201cai grij\u0103 ce-\u021bi dore\u0219ti\u201d. Am ajuns pe un alt v\u00e2rf cu prietena mea Sorana, reziden\u021b\u0103 de c\u00e2\u021biva ani \u00een 3 Vall<em>\u00e9<\/em>es, care \u0219tie zona, dar ce folos dac\u0103 nu exist\u0103 repere, \u0219i pe un viscol \u00een care nu puteam nici s\u0103-mi suflu nasul pentru c\u0103 nu-l mai g\u0103seam, am \u00eenceput s\u0103 cobor\u00e2m, a\u0219a la derut\u0103. Miile de fulgi \u00eemi intrau prin buretele ochelarilor ca ni\u0219te ace fine, v\u00e2ntul m\u0103 \u00eempingea \u00een sus, nu vedeam la mai mult de 3-4 metri \u0219i urechile \u00eemi v\u00e2j\u00e2iau de criv\u0103\u021b. Am mai urcat cu un telescaun, am mai mers la derut\u0103, \u00eenecat\u0103 \u00een marea de z\u0103pad\u0103 ce nu contenea s\u0103 cad\u0103. Ore \u00eentregi, pierdut\u0103 \u00eentr-un haos alb. Telescaunele care uneau Menuires de celelalte v\u0103i se \u00eenchideau unul dup\u0103 altul, dar oricum, la ce bun s\u0103 fi mers? Sus, jos, dreapta, st\u00e2nga, viscol, frig \u0219i v\u00e2nt. Vizibilitate zero, confuzie 100%. \u0218i uite a\u0219a a fost \u0219i a doua zi de diminea\u021ba p\u00e2n\u0103 seara. \u0218i uite a\u0219a a fost \u0219i a treia zi, tot de diminea\u021ba p\u00e2n\u0103 seara. Cele 3 poze f\u0103cute \u00een acele zile puteau fi de oriunde. Dac\u0103 m\u0103 pozam \u00een fa\u021ba unui perete alb, rezultatul ar fi fost acela\u0219i. Din cei 600 de km de p\u00e2rtii am v\u0103zut una singur\u0103: aia alb\u0103. Din cele 7 sta\u021biuni am v\u0103zut doar una: aia de l\u00e2ng\u0103 hotel. La sf\u00e2r\u0219itul celei de-a treia zile, Revolution Kids au dat discotec\u0103, cu muzic\u0103 aleas\u0103, cu muzic\u0103 frumoas\u0103, dar dup\u0103 ce m-am b\u0103tut cu viscolul at\u00e2tea zile, f\u0103r\u0103 nicio \u0219ans\u0103 de c\u00e2\u0219tig, n-am mai avut resurse \u0219i pentru dans.<\/p>\n<p><img loading=\"lazy\" class=\"alignnone wp-image-22227 size-full\" src=\"https:\/\/ski-outdoor.ro\/ski\/wp-content\/uploads\/sites\/2\/2023\/02\/Les-3-Vallees-6.jpg\" alt=\"\" width=\"960\" height=\"455\" srcset=\"https:\/\/ski-outdoor.ro\/ski\/wp-content\/uploads\/sites\/2\/2023\/02\/Les-3-Vallees-6.jpg 960w, https:\/\/ski-outdoor.ro\/ski\/wp-content\/uploads\/sites\/2\/2023\/02\/Les-3-Vallees-6-300x142.jpg 300w, https:\/\/ski-outdoor.ro\/ski\/wp-content\/uploads\/sites\/2\/2023\/02\/Les-3-Vallees-6-768x364.jpg 768w, https:\/\/ski-outdoor.ro\/ski\/wp-content\/uploads\/sites\/2\/2023\/02\/Les-3-Vallees-6-370x175.jpg 370w, https:\/\/ski-outdoor.ro\/ski\/wp-content\/uploads\/sites\/2\/2023\/02\/Les-3-Vallees-6-570x270.jpg 570w, https:\/\/ski-outdoor.ro\/ski\/wp-content\/uploads\/sites\/2\/2023\/02\/Les-3-Vallees-6-770x365.jpg 770w\" sizes=\"(max-width: 960px) 100vw, 960px\" \/><\/p>\n<p>A patra zi \u00eens\u0103 m-am trezit \u00een paradis. Cerul albastru intens, mun\u021bi sclipind \u00een soare, milioane de tone de z\u0103pad\u0103 peste tot. Am ajuns \u00een zori de zi pe un v\u00e2rf \u00eenghe\u021bat la -18 grade, am inspirat ad\u00e2nc aerul de iarn\u0103 \u0219i priveli\u0219tea de poveste. \u0218i pentru c\u00e2teva secunde am pierdut no\u021biunea timpului \u0219i spa\u021biului. \u00cen c\u00e2teva secunde, amintirea viscolului s-a topit \u00een h\u0103ul memoriei \u0219i a r\u0103mas doar bucuria unei zile perfecte de iarn\u0103. M-am dat cu prietenii prin powderul perfect c\u00e2teva ture de vis, apoi, a\u0219a cum se \u00eent\u00e2mpl\u0103 \u00een general \u00een via\u021b\u0103, viscolul ne-a lovit din nou din senin \u0219i din plin, \u00een rutina alb-cea\u021b\u0103-vijelie.<\/p>\n<p>A cincea zi, norocul a venit \u0219i nu a mai plecat a\u0219a u\u0219or. De diminea\u021b\u0103 p\u00e2n\u0103 seara, am avut un cer senin f\u0103r\u0103 pat\u0103 de nori, z\u0103pad\u0103 din bel\u0219ug \u0219i posibilit\u0103\u021bi nelimitate de off piste. Este a patra oar\u0103 c\u00e2nd sunt la 3 Vall<em>\u00e9<\/em>es, dar niciodat\u0103 nu am prins a\u0219a z\u0103pad\u0103 imaculat\u0103 peste toate v\u0103ile. Dac\u0103 domeniul schiabil sufer\u0103 la greu datorit\u0103 conexiunilor \u00eentre sta\u021biuni, care \u00een cazul meu, fiind cu snowboardul, \u00eenseamn\u0103 mul\u021bi, prea mul\u021bi kilometri de dat la talp\u0103 pe p\u00e2rtiile foarte plate, \u00een schimb se revan\u0219eaz\u0103 la posibilit\u0103\u021bile de off piste. \u00cen cele trei v\u0103i imense po\u021bi ie\u0219i de pe p\u00e2rtii \u0219i s\u0103 te bucuri de un spa\u021biu vast, nelimitat. Am ajuns \u00een sta\u021biunea M<em>\u00e9<\/em>ribel unde se \u021bine campionatul mondial de schi \u00een februarie, plutind peste tot felul de pante deja br\u0103zdate de al\u021bii mai harnici ca mine \u0219i apoi am cobor\u00e2t \u00een Courchevel, o sta\u021biune de lux \u0219i de fi\u021be. Am ales cu grij\u0103 unde s\u0103 beau un ceai, pentru c\u0103 \u00een p\u0103r\u021bile astea ri\u0219ti u\u0219or s\u0103 la\u0219i vreo 50 de euro pentru o cea\u0219c\u0103. Aici avioanele \u0219i elicopterele private care zumz\u0103ie deasupra la fiecare cinci minute, buticurile de parfumuri, ceasuri \u0219i po\u0219ete, hainele de blan\u0103 de vulpe polar\u0103, buzele siliconate \u0219i privirile plictisite peste ochelarii de soare cu rame groase aurii fac parte din rutina zilnic\u0103. A\u0219a vreau s\u0103 fiu \u0219i eu c\u00e2nd o s\u0103 fiu mare! Glumesc, desigur. Nu mi-a\u0219 da sandviciul \u00eenghe\u021bat din buzunar pentru a\u0219a ceva niciodat\u0103. Am v\u0103zut eu \u00een filme c\u0103 \u0219i boga\u021bii pl\u00e2ng.<\/p>\n<p><img loading=\"lazy\" class=\"alignnone wp-image-22228 size-full\" src=\"https:\/\/ski-outdoor.ro\/ski\/wp-content\/uploads\/sites\/2\/2023\/02\/Les-3-Vallees-5.jpg\" alt=\"\" width=\"960\" height=\"455\" srcset=\"https:\/\/ski-outdoor.ro\/ski\/wp-content\/uploads\/sites\/2\/2023\/02\/Les-3-Vallees-5.jpg 960w, https:\/\/ski-outdoor.ro\/ski\/wp-content\/uploads\/sites\/2\/2023\/02\/Les-3-Vallees-5-300x142.jpg 300w, https:\/\/ski-outdoor.ro\/ski\/wp-content\/uploads\/sites\/2\/2023\/02\/Les-3-Vallees-5-768x364.jpg 768w, https:\/\/ski-outdoor.ro\/ski\/wp-content\/uploads\/sites\/2\/2023\/02\/Les-3-Vallees-5-370x175.jpg 370w, https:\/\/ski-outdoor.ro\/ski\/wp-content\/uploads\/sites\/2\/2023\/02\/Les-3-Vallees-5-570x270.jpg 570w, https:\/\/ski-outdoor.ro\/ski\/wp-content\/uploads\/sites\/2\/2023\/02\/Les-3-Vallees-5-770x365.jpg 770w\" sizes=\"(max-width: 960px) 100vw, 960px\" \/><\/p>\n<p>\u00cen cea de-a \u0219asea \u0219i ultima zi am urcat din sta\u021biunea Val Thorens la 3200 de metri, unde soarele perfect ne-a oferit din nou o panoram\u0103 360 de grade cu Mont Blanc sclipind \u00een zare. Cele -15 grade ne-au cam \u00eenghe\u021bat z\u00e2mbetul \u00eentreaga\u00a0zi, dar apr<em>\u00e8<\/em>s-ski-ul tradi\u021bional fran\u021buzesc \u201cLa folie douce\u201d, ne-a \u00eenc\u0103lzit instant. Muzic\u0103 live \u0219i dj, mc, bubuial\u0103 maxim\u0103 \u00een boxe, mese de lemn gem\u00e2nd sub ciorchinele de schiori ce danseaz\u0103 \u0219i bat ritmul \u00een cl\u0103pari, \u0219ampanie rev\u0103rsat\u0103 de la etaj peste sutele de petrec\u0103re\u021bi, \u00een timp ce apusul ro\u0219iatic \u0219i perfect se las\u0103 peste v\u00e2rfurile de 3000 de metri. Cam asta \u00eenseamn\u0103 \u201cLa folie douce\u201d adic\u0103 \u201cdulce nebunie\u201d care, vorba aia, \u201cface to\u021bi banii\u201d.<\/p>\n<p>\u0218i ca o cirea\u0219\u0103 de pe tort, ultima cobor\u00e2re ne-a oferit o surpriz\u0103 cum n-am mai v\u0103zut \u00een via\u021ba mea. Un curcubeu vertical, adic\u0103 dou\u0103 f\u00e2\u0219ii paralele colorate ce coborau din cer \u0219i se uneau cu p\u00e2rtia de sub picioarele noastre. Revan\u0219a pentru cele trei zile de viscol \u0219i co\u0219mar alb? Un portal spre o alt\u0103 dimensiune? Nu m-am riscat s\u0103 aflu r\u0103spunsul. Mai avem nevoie \u0219i de incertitudini. A\u0219a c\u0103 am cobor\u00e2t cu z\u00e2mbetul pe buze \u0219i \u00een suflet, mul\u021bumit\u0103 de plac\u0103, de z\u0103pad\u0103 \u0219i de via\u021b\u0103.<\/p>\n<p><img loading=\"lazy\" class=\"alignnone wp-image-22230 size-full\" src=\"https:\/\/ski-outdoor.ro\/ski\/wp-content\/uploads\/sites\/2\/2023\/02\/Les-3-Vallees-3.jpg\" alt=\"\" width=\"960\" height=\"455\" srcset=\"https:\/\/ski-outdoor.ro\/ski\/wp-content\/uploads\/sites\/2\/2023\/02\/Les-3-Vallees-3.jpg 960w, https:\/\/ski-outdoor.ro\/ski\/wp-content\/uploads\/sites\/2\/2023\/02\/Les-3-Vallees-3-300x142.jpg 300w, https:\/\/ski-outdoor.ro\/ski\/wp-content\/uploads\/sites\/2\/2023\/02\/Les-3-Vallees-3-768x364.jpg 768w, https:\/\/ski-outdoor.ro\/ski\/wp-content\/uploads\/sites\/2\/2023\/02\/Les-3-Vallees-3-370x175.jpg 370w, https:\/\/ski-outdoor.ro\/ski\/wp-content\/uploads\/sites\/2\/2023\/02\/Les-3-Vallees-3-570x270.jpg 570w, https:\/\/ski-outdoor.ro\/ski\/wp-content\/uploads\/sites\/2\/2023\/02\/Les-3-Vallees-3-770x365.jpg 770w\" sizes=\"(max-width: 960px) 100vw, 960px\" \/><\/p>\n<p>Per total, excursia organizat\u0103 de Revolution Kids la 3 Vall<em>\u00e9<\/em>es a fost o reu\u0219it\u0103: cazare bun\u0103 (nu ne-am \u00eenghesuit \u00een dulapuri cu preten\u021bii de camer\u0103), p\u00e2rtii \u0219i off piste c\u00e2t cuprinde, soare, viscol, discotec\u0103, curcubeu \u0219i prieteni faini. Acum, c\u00e2nd la mijloc de februarie Clujul e din nou lovit de o c\u0103ldur\u0103 anormal\u0103, nostalgia dup\u0103 3 Vall<em>\u00e9<\/em>es se strecoar\u0103 \u00een suflet. Era bine acolo, chiar \u0219i cu viscolul \u0219i criv\u0103\u021bul cumplit. \u201cIt makes you feel alive\u201d.<\/p>\n<p><em>Text \u0219i foto: Oana Ivan<\/em><\/p>\n<p>&nbsp;<\/p>\n","protected":false},"excerpt":{"rendered":"<p>\u00cen ianuarie, c\u00e2nd stai cu ochii de o lun\u0103 pe prognozele meteo cu speran\u021ba c\u0103 z\u0103pada totu\u0219i va ap\u0103rea, dar&#8230;<\/p>\n","protected":false},"author":23,"featured_media":22229,"comment_status":"closed","ping_status":"closed","sticky":false,"template":"","format":"standard","meta":[],"categories":[2436,46],"tags":[5958,5957,5960,117,5959],"yoast_head":"<!-- This site is optimized with the Yoast SEO plugin v18.4.1 - https:\/\/yoast.com\/wordpress\/plugins\/seo\/ -->\n<title>La Les 3 Vall\u00e9es cu Revolution Kids - Ski Magazine<\/title>\n<meta name=\"robots\" content=\"index, follow, max-snippet:-1, max-image-preview:large, max-video-preview:-1\" \/>\n<link rel=\"canonical\" href=\"https:\/\/ski-outdoor.ro\/ski\/2023\/02\/21\/la-les-3-vallees-cu-revolution-kids\/\" \/>\n<meta property=\"og:locale\" content=\"ro_RO\" \/>\n<meta property=\"og:type\" content=\"article\" \/>\n<meta property=\"og:title\" content=\"La Les 3 Vall\u00e9es cu Revolution Kids - Ski Magazine\" \/>\n<meta property=\"og:description\" content=\"\u00cen ianuarie, c\u00e2nd stai cu ochii de o lun\u0103 pe prognozele meteo cu speran\u021ba c\u0103 z\u0103pada totu\u0219i va ap\u0103rea, dar...\" \/>\n<meta property=\"og:url\" content=\"https:\/\/ski-outdoor.ro\/ski\/2023\/02\/21\/la-les-3-vallees-cu-revolution-kids\/\" \/>\n<meta property=\"og:site_name\" content=\"Ski Magazine\" \/>\n<meta property=\"article:published_time\" content=\"2023-02-21T12:28:06+00:00\" \/>\n<meta property=\"og:image\" content=\"https:\/\/ski-outdoor.ro\/ski\/wp-content\/uploads\/sites\/2\/2023\/02\/Les-3-Vallees-4.jpg\" \/>\n\t<meta property=\"og:image:width\" content=\"960\" \/>\n\t<meta property=\"og:image:height\" content=\"455\" \/>\n\t<meta property=\"og:image:type\" content=\"image\/jpeg\" \/>\n<meta name=\"twitter:card\" content=\"summary_large_image\" \/>\n<meta name=\"twitter:label1\" content=\"Scris de\" \/>\n\t<meta name=\"twitter:data1\" content=\"C\u0103lin Pop\" \/>\n\t<meta name=\"twitter:label2\" content=\"Timp estimat pentru citire\" \/>\n\t<meta name=\"twitter:data2\" content=\"7 minute\" \/>\n<script type=\"application\/ld+json\" class=\"yoast-schema-graph\">{\"@context\":\"https:\/\/schema.org\",\"@graph\":[{\"@type\":\"WebSite\",\"@id\":\"https:\/\/ski-outdoor.ro\/ski\/#website\",\"url\":\"https:\/\/ski-outdoor.ro\/ski\/\",\"name\":\"Ski Magazine\",\"description\":\"\",\"potentialAction\":[{\"@type\":\"SearchAction\",\"target\":{\"@type\":\"EntryPoint\",\"urlTemplate\":\"https:\/\/ski-outdoor.ro\/ski\/?s={search_term_string}\"},\"query-input\":\"required name=search_term_string\"}],\"inLanguage\":\"ro-RO\"},{\"@type\":\"ImageObject\",\"@id\":\"https:\/\/ski-outdoor.ro\/ski\/2023\/02\/21\/la-les-3-vallees-cu-revolution-kids\/#primaryimage\",\"inLanguage\":\"ro-RO\",\"url\":\"https:\/\/ski-outdoor.ro\/ski\/wp-content\/uploads\/sites\/2\/2023\/02\/Les-3-Vallees-4.jpg\",\"contentUrl\":\"https:\/\/ski-outdoor.ro\/ski\/wp-content\/uploads\/sites\/2\/2023\/02\/Les-3-Vallees-4.jpg\",\"width\":960,\"height\":455},{\"@type\":\"WebPage\",\"@id\":\"https:\/\/ski-outdoor.ro\/ski\/2023\/02\/21\/la-les-3-vallees-cu-revolution-kids\/#webpage\",\"url\":\"https:\/\/ski-outdoor.ro\/ski\/2023\/02\/21\/la-les-3-vallees-cu-revolution-kids\/\",\"name\":\"La Les 3 Vall\u00e9es cu Revolution Kids - Ski Magazine\",\"isPartOf\":{\"@id\":\"https:\/\/ski-outdoor.ro\/ski\/#website\"},\"primaryImageOfPage\":{\"@id\":\"https:\/\/ski-outdoor.ro\/ski\/2023\/02\/21\/la-les-3-vallees-cu-revolution-kids\/#primaryimage\"},\"datePublished\":\"2023-02-21T12:28:06+00:00\",\"dateModified\":\"2023-02-21T12:28:06+00:00\",\"author\":{\"@id\":\"https:\/\/ski-outdoor.ro\/ski\/#\/schema\/person\/3d8c2382a34197255067399194217080\"},\"breadcrumb\":{\"@id\":\"https:\/\/ski-outdoor.ro\/ski\/2023\/02\/21\/la-les-3-vallees-cu-revolution-kids\/#breadcrumb\"},\"inLanguage\":\"ro-RO\",\"potentialAction\":[{\"@type\":\"ReadAction\",\"target\":[\"https:\/\/ski-outdoor.ro\/ski\/2023\/02\/21\/la-les-3-vallees-cu-revolution-kids\/\"]}]},{\"@type\":\"BreadcrumbList\",\"@id\":\"https:\/\/ski-outdoor.ro\/ski\/2023\/02\/21\/la-les-3-vallees-cu-revolution-kids\/#breadcrumb\",\"itemListElement\":[{\"@type\":\"ListItem\",\"position\":1,\"name\":\"Home\",\"item\":\"https:\/\/ski-outdoor.ro\/ski\/\"},{\"@type\":\"ListItem\",\"position\":2,\"name\":\"La Les 3 Vall\u00e9es cu Revolution Kids\"}]},{\"@type\":\"Person\",\"@id\":\"https:\/\/ski-outdoor.ro\/ski\/#\/schema\/person\/3d8c2382a34197255067399194217080\",\"name\":\"C\u0103lin Pop\",\"image\":{\"@type\":\"ImageObject\",\"@id\":\"https:\/\/ski-outdoor.ro\/ski\/#personlogo\",\"inLanguage\":\"ro-RO\",\"url\":\"https:\/\/secure.gravatar.com\/avatar\/44fa4e362161e127dec2a82f7585cbd5?s=96&d=mm&r=g\",\"contentUrl\":\"https:\/\/secure.gravatar.com\/avatar\/44fa4e362161e127dec2a82f7585cbd5?s=96&d=mm&r=g\",\"caption\":\"C\u0103lin Pop\"},\"url\":\"https:\/\/ski-outdoor.ro\/ski\/author\/calinpop\/\"}]}<\/script>\n<!-- \/ Yoast SEO plugin. -->","yoast_head_json":{"title":"La Les 3 Vall\u00e9es cu Revolution Kids - Ski Magazine","robots":{"index":"index","follow":"follow","max-snippet":"max-snippet:-1","max-image-preview":"max-image-preview:large","max-video-preview":"max-video-preview:-1"},"canonical":"https:\/\/ski-outdoor.ro\/ski\/2023\/02\/21\/la-les-3-vallees-cu-revolution-kids\/","og_locale":"ro_RO","og_type":"article","og_title":"La Les 3 Vall\u00e9es cu Revolution Kids - Ski Magazine","og_description":"\u00cen ianuarie, c\u00e2nd stai cu ochii de o lun\u0103 pe prognozele meteo cu speran\u021ba c\u0103 z\u0103pada totu\u0219i va ap\u0103rea, dar...","og_url":"https:\/\/ski-outdoor.ro\/ski\/2023\/02\/21\/la-les-3-vallees-cu-revolution-kids\/","og_site_name":"Ski Magazine","article_published_time":"2023-02-21T12:28:06+00:00","og_image":[{"width":960,"height":455,"url":"https:\/\/ski-outdoor.ro\/ski\/wp-content\/uploads\/sites\/2\/2023\/02\/Les-3-Vallees-4.jpg","type":"image\/jpeg"}],"twitter_card":"summary_large_image","twitter_misc":{"Scris de":"C\u0103lin Pop","Timp estimat pentru citire":"7 minute"},"schema":{"@context":"https:\/\/schema.org","@graph":[{"@type":"WebSite","@id":"https:\/\/ski-outdoor.ro\/ski\/#website","url":"https:\/\/ski-outdoor.ro\/ski\/","name":"Ski Magazine","description":"","potentialAction":[{"@type":"SearchAction","target":{"@type":"EntryPoint","urlTemplate":"https:\/\/ski-outdoor.ro\/ski\/?s={search_term_string}"},"query-input":"required name=search_term_string"}],"inLanguage":"ro-RO"},{"@type":"ImageObject","@id":"https:\/\/ski-outdoor.ro\/ski\/2023\/02\/21\/la-les-3-vallees-cu-revolution-kids\/#primaryimage","inLanguage":"ro-RO","url":"https:\/\/ski-outdoor.ro\/ski\/wp-content\/uploads\/sites\/2\/2023\/02\/Les-3-Vallees-4.jpg","contentUrl":"https:\/\/ski-outdoor.ro\/ski\/wp-content\/uploads\/sites\/2\/2023\/02\/Les-3-Vallees-4.jpg","width":960,"height":455},{"@type":"WebPage","@id":"https:\/\/ski-outdoor.ro\/ski\/2023\/02\/21\/la-les-3-vallees-cu-revolution-kids\/#webpage","url":"https:\/\/ski-outdoor.ro\/ski\/2023\/02\/21\/la-les-3-vallees-cu-revolution-kids\/","name":"La Les 3 Vall\u00e9es cu Revolution Kids - Ski Magazine","isPartOf":{"@id":"https:\/\/ski-outdoor.ro\/ski\/#website"},"primaryImageOfPage":{"@id":"https:\/\/ski-outdoor.ro\/ski\/2023\/02\/21\/la-les-3-vallees-cu-revolution-kids\/#primaryimage"},"datePublished":"2023-02-21T12:28:06+00:00","dateModified":"2023-02-21T12:28:06+00:00","author":{"@id":"https:\/\/ski-outdoor.ro\/ski\/#\/schema\/person\/3d8c2382a34197255067399194217080"},"breadcrumb":{"@id":"https:\/\/ski-outdoor.ro\/ski\/2023\/02\/21\/la-les-3-vallees-cu-revolution-kids\/#breadcrumb"},"inLanguage":"ro-RO","potentialAction":[{"@type":"ReadAction","target":["https:\/\/ski-outdoor.ro\/ski\/2023\/02\/21\/la-les-3-vallees-cu-revolution-kids\/"]}]},{"@type":"BreadcrumbList","@id":"https:\/\/ski-outdoor.ro\/ski\/2023\/02\/21\/la-les-3-vallees-cu-revolution-kids\/#breadcrumb","itemListElement":[{"@type":"ListItem","position":1,"name":"Home","item":"https:\/\/ski-outdoor.ro\/ski\/"},{"@type":"ListItem","position":2,"name":"La Les 3 Vall\u00e9es cu Revolution Kids"}]},{"@type":"Person","@id":"https:\/\/ski-outdoor.ro\/ski\/#\/schema\/person\/3d8c2382a34197255067399194217080","name":"C\u0103lin Pop","image":{"@type":"ImageObject","@id":"https:\/\/ski-outdoor.ro\/ski\/#personlogo","inLanguage":"ro-RO","url":"https:\/\/secure.gravatar.com\/avatar\/44fa4e362161e127dec2a82f7585cbd5?s=96&d=mm&r=g","contentUrl":"https:\/\/secure.gravatar.com\/avatar\/44fa4e362161e127dec2a82f7585cbd5?s=96&d=mm&r=g","caption":"C\u0103lin Pop"},"url":"https:\/\/ski-outdoor.ro\/ski\/author\/calinpop\/"}]}},"_links":{"self":[{"href":"https:\/\/ski-outdoor.ro\/ski\/wp-json\/wp\/v2\/posts\/22226"}],"collection":[{"href":"https:\/\/ski-outdoor.ro\/ski\/wp-json\/wp\/v2\/posts"}],"about":[{"href":"https:\/\/ski-outdoor.ro\/ski\/wp-json\/wp\/v2\/types\/post"}],"author":[{"embeddable":true,"href":"https:\/\/ski-outdoor.ro\/ski\/wp-json\/wp\/v2\/users\/23"}],"replies":[{"embeddable":true,"href":"https:\/\/ski-outdoor.ro\/ski\/wp-json\/wp\/v2\/comments?post=22226"}],"version-history":[{"count":1,"href":"https:\/\/ski-outdoor.ro\/ski\/wp-json\/wp\/v2\/posts\/22226\/revisions"}],"predecessor-version":[{"id":22233,"href":"https:\/\/ski-outdoor.ro\/ski\/wp-json\/wp\/v2\/posts\/22226\/revisions\/22233"}],"wp:featuredmedia":[{"embeddable":true,"href":"https:\/\/ski-outdoor.ro\/ski\/wp-json\/wp\/v2\/media\/22229"}],"wp:attachment":[{"href":"https:\/\/ski-outdoor.ro\/ski\/wp-json\/wp\/v2\/media?parent=22226"}],"wp:term":[{"taxonomy":"category","embeddable":true,"href":"https:\/\/ski-outdoor.ro\/ski\/wp-json\/wp\/v2\/categories?post=22226"},{"taxonomy":"post_tag","embeddable":true,"href":"https:\/\/ski-outdoor.ro\/ski\/wp-json\/wp\/v2\/tags?post=22226"}],"curies":[{"name":"wp","href":"https:\/\/api.w.org\/{rel}","templated":true}]}}