{"id":22833,"date":"2024-01-31T17:24:50","date_gmt":"2024-01-31T15:24:50","guid":{"rendered":"https:\/\/ski-outdoor.ro\/ski\/?p=22833"},"modified":"2024-02-05T12:19:11","modified_gmt":"2024-02-05T10:19:11","slug":"jacheta-krizna-northfinder","status":"publish","type":"post","link":"https:\/\/ski-outdoor.ro\/ski\/2024\/01\/31\/jacheta-krizna-northfinder\/","title":{"rendered":"Jacheta KRIZNA &#8211; Northfinder"},"content":{"rendered":"<p><strong>Jacheta este special conceput\u0103 petru schi de tur\u0103, cu un croi ergonomic ce respect\u0103 specificul zonelor corpului \u0219i formele feminine.<\/strong><\/p>\n<p><iframe loading=\"lazy\" title=\"SKI rec | Review jacheta KRIZNA de la NORTHFINDER\" width=\"1170\" height=\"658\" src=\"https:\/\/www.youtube.com\/embed\/9W3GSG6NqGs?start=1&#038;feature=oembed\" frameborder=\"0\" allow=\"accelerometer; autoplay; clipboard-write; encrypted-media; gyroscope; picture-in-picture; web-share\" allowfullscreen><\/iframe><\/p>\n<p>Dintre specifica\u021biile tehnice, ceea ce iese \u00een eviden\u021b\u0103 este:<\/p>\n<p>&#8211; Materiale premium folosite:<\/p>\n<p>&#8211; Polartec Alpha Direct \u00eempreun\u0103 cu o membran\u0103 rezistent\u0103 la v\u00e2nt \u0219i ap\u0103 (10.000mm) \u00een zonele expuse din fa\u021b\u0103, umeri, m\u00e2neci \u0219i par\u021bial pe spate.<\/p>\n<p>&#8211; Blizzard Thermal Comfort pe zonele unde e nevoie de respirabilitate \u0219i elasticitate pentru libertate de mi\u0219care<\/p>\n<p>&#8211; Fermoare YKK, mari \u2192 durabilitate \u0219i calitate superioar\u0103<\/p>\n<p>-are \u0219i o etichet\u0103 verde care certific\u0103 folosirea de materiale recilate \u00een fabricarea ei<\/p>\n<p>&#8211; Gluga anatomic\u0103 care se aseaza foste bine pe cap dar care este \u0219i compatibila cu purtarea c\u0103\u0219tii<\/p>\n<p>&#8211; Buzunare frontale mari pentru piei de foc\u0103<\/p>\n<p><img loading=\"lazy\" class=\"alignnone wp-image-22836 size-large\" src=\"https:\/\/ski-outdoor.ro\/ski\/wp-content\/uploads\/sites\/2\/2024\/01\/Krizna-3-1024x711.jpg\" alt=\"\" width=\"1024\" height=\"711\" srcset=\"https:\/\/ski-outdoor.ro\/ski\/wp-content\/uploads\/sites\/2\/2024\/01\/Krizna-3-1024x711.jpg 1024w, https:\/\/ski-outdoor.ro\/ski\/wp-content\/uploads\/sites\/2\/2024\/01\/Krizna-3-300x208.jpg 300w, https:\/\/ski-outdoor.ro\/ski\/wp-content\/uploads\/sites\/2\/2024\/01\/Krizna-3-768x533.jpg 768w, https:\/\/ski-outdoor.ro\/ski\/wp-content\/uploads\/sites\/2\/2024\/01\/Krizna-3-370x257.jpg 370w, https:\/\/ski-outdoor.ro\/ski\/wp-content\/uploads\/sites\/2\/2024\/01\/Krizna-3-570x396.jpg 570w, https:\/\/ski-outdoor.ro\/ski\/wp-content\/uploads\/sites\/2\/2024\/01\/Krizna-3-770x535.jpg 770w, https:\/\/ski-outdoor.ro\/ski\/wp-content\/uploads\/sites\/2\/2024\/01\/Krizna-3-835x580.jpg 835w, https:\/\/ski-outdoor.ro\/ski\/wp-content\/uploads\/sites\/2\/2024\/01\/Krizna-3.jpg 1152w\" sizes=\"(max-width: 1024px) 100vw, 1024px\" \/><\/p>\n<p>&#8211; M\u00e2neci cu man\u0219ete lungi cu gaur\u0103 pentru degetul mare<\/p>\n<p><img loading=\"lazy\" class=\"alignnone wp-image-22837 size-large\" src=\"https:\/\/ski-outdoor.ro\/ski\/wp-content\/uploads\/sites\/2\/2024\/01\/Krizna-4-1024x711.jpg\" alt=\"\" width=\"1024\" height=\"711\" srcset=\"https:\/\/ski-outdoor.ro\/ski\/wp-content\/uploads\/sites\/2\/2024\/01\/Krizna-4-1024x711.jpg 1024w, https:\/\/ski-outdoor.ro\/ski\/wp-content\/uploads\/sites\/2\/2024\/01\/Krizna-4-300x208.jpg 300w, https:\/\/ski-outdoor.ro\/ski\/wp-content\/uploads\/sites\/2\/2024\/01\/Krizna-4-768x533.jpg 768w, https:\/\/ski-outdoor.ro\/ski\/wp-content\/uploads\/sites\/2\/2024\/01\/Krizna-4-370x257.jpg 370w, https:\/\/ski-outdoor.ro\/ski\/wp-content\/uploads\/sites\/2\/2024\/01\/Krizna-4-570x396.jpg 570w, https:\/\/ski-outdoor.ro\/ski\/wp-content\/uploads\/sites\/2\/2024\/01\/Krizna-4-770x535.jpg 770w, https:\/\/ski-outdoor.ro\/ski\/wp-content\/uploads\/sites\/2\/2024\/01\/Krizna-4-835x580.jpg 835w, https:\/\/ski-outdoor.ro\/ski\/wp-content\/uploads\/sites\/2\/2024\/01\/Krizna-4.jpg 1152w\" sizes=\"(max-width: 1024px) 100vw, 1024px\" \/><\/p>\n<p>&#8211; Talie reglabil\u0103 cu elastic<\/p>\n<p><img loading=\"lazy\" class=\"alignnone wp-image-22838 size-large\" src=\"https:\/\/ski-outdoor.ro\/ski\/wp-content\/uploads\/sites\/2\/2024\/01\/Krizna-5-1024x711.jpg\" alt=\"\" width=\"1024\" height=\"711\" srcset=\"https:\/\/ski-outdoor.ro\/ski\/wp-content\/uploads\/sites\/2\/2024\/01\/Krizna-5-1024x711.jpg 1024w, https:\/\/ski-outdoor.ro\/ski\/wp-content\/uploads\/sites\/2\/2024\/01\/Krizna-5-300x208.jpg 300w, https:\/\/ski-outdoor.ro\/ski\/wp-content\/uploads\/sites\/2\/2024\/01\/Krizna-5-768x533.jpg 768w, https:\/\/ski-outdoor.ro\/ski\/wp-content\/uploads\/sites\/2\/2024\/01\/Krizna-5-370x257.jpg 370w, https:\/\/ski-outdoor.ro\/ski\/wp-content\/uploads\/sites\/2\/2024\/01\/Krizna-5-570x396.jpg 570w, https:\/\/ski-outdoor.ro\/ski\/wp-content\/uploads\/sites\/2\/2024\/01\/Krizna-5-770x535.jpg 770w, https:\/\/ski-outdoor.ro\/ski\/wp-content\/uploads\/sites\/2\/2024\/01\/Krizna-5-835x580.jpg 835w, https:\/\/ski-outdoor.ro\/ski\/wp-content\/uploads\/sites\/2\/2024\/01\/Krizna-5.jpg 1152w\" sizes=\"(max-width: 1024px) 100vw, 1024px\" \/><\/p>\n<p>Ca feedback personal pot spune cu \u00eencredere c\u0103 jacheta se bazeaz\u0103 pe un concept ergonomic \u0219i hibrid de success &#8211; respir\u0103 foarte bine pe urc\u0103ri \u0219i m\u0103 mi\u0219c cu u\u0219urin\u021b\u0103 \u00een ea, dar protejeaz\u0103 termic \u0219i \u00een repaos sau pe cobor\u00e2rile pe skiuri.<\/p>\n<p>&#8211; Geaca se aseaza foarte bine pe corp \u0219i am sim\u021bit-o foarte conformtabila pe tot parcursul turelor.<\/p>\n<p>&#8211; Buzunarele pentru piei de foc\u0103 sunt suficient de \u00eenc\u0103p\u0103toare \u0219i mai au \u0219i compartimente interioare.<\/p>\n<p>&#8211; \u00cemi place prezen\u021ba elementelor reflectorizante pentru c\u0103 des se \u00eent\u00e2mpl\u0103 \u00een zilele scurte de iarn\u0103 s\u0103 termin\u0103m tura pe \u00eentuneric.<\/p>\n<p>&nbsp;<\/p>\n<p><img loading=\"lazy\" class=\"alignnone wp-image-22835 size-large\" src=\"https:\/\/ski-outdoor.ro\/ski\/wp-content\/uploads\/sites\/2\/2024\/01\/Krizna-2-1024x711.jpg\" alt=\"\" width=\"1024\" height=\"711\" srcset=\"https:\/\/ski-outdoor.ro\/ski\/wp-content\/uploads\/sites\/2\/2024\/01\/Krizna-2-1024x711.jpg 1024w, https:\/\/ski-outdoor.ro\/ski\/wp-content\/uploads\/sites\/2\/2024\/01\/Krizna-2-300x208.jpg 300w, https:\/\/ski-outdoor.ro\/ski\/wp-content\/uploads\/sites\/2\/2024\/01\/Krizna-2-768x533.jpg 768w, https:\/\/ski-outdoor.ro\/ski\/wp-content\/uploads\/sites\/2\/2024\/01\/Krizna-2-370x257.jpg 370w, https:\/\/ski-outdoor.ro\/ski\/wp-content\/uploads\/sites\/2\/2024\/01\/Krizna-2-570x396.jpg 570w, https:\/\/ski-outdoor.ro\/ski\/wp-content\/uploads\/sites\/2\/2024\/01\/Krizna-2-770x535.jpg 770w, https:\/\/ski-outdoor.ro\/ski\/wp-content\/uploads\/sites\/2\/2024\/01\/Krizna-2-835x580.jpg 835w, https:\/\/ski-outdoor.ro\/ski\/wp-content\/uploads\/sites\/2\/2024\/01\/Krizna-2.jpg 1152w\" sizes=\"(max-width: 1024px) 100vw, 1024px\" \/><\/p>\n<p>&#8211; Am testat-o \u00een condi\u021bii de v\u00e2nt puternic \u0219i lapovi\u021b\u0103 specifice mun\u021bilor Apuseni \u0219i s-a comportat foarte bine.<\/p>\n<p>&#8211; \u00cen turele cu cortul sau stat la refugii montane s-a uscat foarte repede \u2013 nu a avut nevoie de surs\u0103 de c\u0103ldur\u0103.<\/p>\n<p>&#8211; O voi folosi \u0219i la c\u0103\u021b\u0103rat pe ghea\u021b\u0103 \u0219i dry dar \u0219i la ture alpine tip fast-packing &#8211; este cu adev\u0103rat versatil\u0103.<\/p>\n<p><em>Simona Laiu, salvator montan.<\/em><\/p>\n","protected":false},"excerpt":{"rendered":"<p>Jacheta este special conceput\u0103 petru schi de tur\u0103, cu un croi ergonomic ce respect\u0103 specificul zonelor corpului \u0219i formele feminine&#8230;.<\/p>\n","protected":false},"author":23,"featured_media":22834,"comment_status":"closed","ping_status":"closed","sticky":false,"template":"","format":"standard","meta":[],"categories":[47],"tags":[4778,4425,6093,6094,6095,6097,570,6096],"yoast_head":"<!-- This site is optimized with the Yoast SEO plugin v18.4.1 - https:\/\/yoast.com\/wordpress\/plugins\/seo\/ -->\n<title>Jacheta KRIZNA - Northfinder - Ski Magazine<\/title>\n<meta name=\"description\" content=\"Jacheta este special conceput\u0103 petru schi de tur\u0103, cu un croi ergonomic ce respect\u0103 specificul zonelor corpului \u0219i formele feminine.\" \/>\n<meta name=\"robots\" content=\"index, follow, max-snippet:-1, max-image-preview:large, max-video-preview:-1\" \/>\n<link rel=\"canonical\" href=\"https:\/\/ski-outdoor.ro\/ski\/2024\/01\/31\/jacheta-krizna-northfinder\/\" \/>\n<meta property=\"og:locale\" content=\"ro_RO\" \/>\n<meta property=\"og:type\" content=\"article\" \/>\n<meta property=\"og:title\" content=\"Jacheta KRIZNA - Northfinder - Ski Magazine\" \/>\n<meta property=\"og:description\" content=\"Jacheta este special conceput\u0103 petru schi de tur\u0103, cu un croi ergonomic ce respect\u0103 specificul zonelor corpului \u0219i formele feminine.\" \/>\n<meta property=\"og:url\" content=\"https:\/\/ski-outdoor.ro\/ski\/2024\/01\/31\/jacheta-krizna-northfinder\/\" \/>\n<meta property=\"og:site_name\" content=\"Ski Magazine\" \/>\n<meta property=\"article:published_time\" content=\"2024-01-31T15:24:50+00:00\" \/>\n<meta property=\"article:modified_time\" content=\"2024-02-05T10:19:11+00:00\" \/>\n<meta property=\"og:image\" content=\"https:\/\/ski-outdoor.ro\/ski\/wp-content\/uploads\/sites\/2\/2024\/01\/Krizna-1.jpg\" \/>\n\t<meta property=\"og:image:width\" content=\"1152\" \/>\n\t<meta property=\"og:image:height\" content=\"800\" \/>\n\t<meta property=\"og:image:type\" content=\"image\/jpeg\" \/>\n<meta name=\"twitter:card\" content=\"summary_large_image\" \/>\n<meta name=\"twitter:label1\" content=\"Scris de\" \/>\n\t<meta name=\"twitter:data1\" content=\"C\u0103lin Pop\" \/>\n\t<meta name=\"twitter:label2\" content=\"Timp estimat pentru citire\" \/>\n\t<meta name=\"twitter:data2\" content=\"2 minute\" \/>\n<script type=\"application\/ld+json\" class=\"yoast-schema-graph\">{\"@context\":\"https:\/\/schema.org\",\"@graph\":[{\"@type\":\"WebSite\",\"@id\":\"https:\/\/ski-outdoor.ro\/ski\/#website\",\"url\":\"https:\/\/ski-outdoor.ro\/ski\/\",\"name\":\"Ski Magazine\",\"description\":\"\",\"potentialAction\":[{\"@type\":\"SearchAction\",\"target\":{\"@type\":\"EntryPoint\",\"urlTemplate\":\"https:\/\/ski-outdoor.ro\/ski\/?s={search_term_string}\"},\"query-input\":\"required name=search_term_string\"}],\"inLanguage\":\"ro-RO\"},{\"@type\":\"ImageObject\",\"@id\":\"https:\/\/ski-outdoor.ro\/ski\/2024\/01\/31\/jacheta-krizna-northfinder\/#primaryimage\",\"inLanguage\":\"ro-RO\",\"url\":\"https:\/\/ski-outdoor.ro\/ski\/wp-content\/uploads\/sites\/2\/2024\/01\/Krizna-1.jpg\",\"contentUrl\":\"https:\/\/ski-outdoor.ro\/ski\/wp-content\/uploads\/sites\/2\/2024\/01\/Krizna-1.jpg\",\"width\":1152,\"height\":800},{\"@type\":\"WebPage\",\"@id\":\"https:\/\/ski-outdoor.ro\/ski\/2024\/01\/31\/jacheta-krizna-northfinder\/#webpage\",\"url\":\"https:\/\/ski-outdoor.ro\/ski\/2024\/01\/31\/jacheta-krizna-northfinder\/\",\"name\":\"Jacheta KRIZNA - Northfinder - Ski Magazine\",\"isPartOf\":{\"@id\":\"https:\/\/ski-outdoor.ro\/ski\/#website\"},\"primaryImageOfPage\":{\"@id\":\"https:\/\/ski-outdoor.ro\/ski\/2024\/01\/31\/jacheta-krizna-northfinder\/#primaryimage\"},\"datePublished\":\"2024-01-31T15:24:50+00:00\",\"dateModified\":\"2024-02-05T10:19:11+00:00\",\"author\":{\"@id\":\"https:\/\/ski-outdoor.ro\/ski\/#\/schema\/person\/3d8c2382a34197255067399194217080\"},\"description\":\"Jacheta este special conceput\u0103 petru schi de tur\u0103, cu un croi ergonomic ce respect\u0103 specificul zonelor corpului \u0219i formele feminine.\",\"breadcrumb\":{\"@id\":\"https:\/\/ski-outdoor.ro\/ski\/2024\/01\/31\/jacheta-krizna-northfinder\/#breadcrumb\"},\"inLanguage\":\"ro-RO\",\"potentialAction\":[{\"@type\":\"ReadAction\",\"target\":[\"https:\/\/ski-outdoor.ro\/ski\/2024\/01\/31\/jacheta-krizna-northfinder\/\"]}]},{\"@type\":\"BreadcrumbList\",\"@id\":\"https:\/\/ski-outdoor.ro\/ski\/2024\/01\/31\/jacheta-krizna-northfinder\/#breadcrumb\",\"itemListElement\":[{\"@type\":\"ListItem\",\"position\":1,\"name\":\"Home\",\"item\":\"https:\/\/ski-outdoor.ro\/ski\/\"},{\"@type\":\"ListItem\",\"position\":2,\"name\":\"Jacheta KRIZNA &#8211; Northfinder\"}]},{\"@type\":\"Person\",\"@id\":\"https:\/\/ski-outdoor.ro\/ski\/#\/schema\/person\/3d8c2382a34197255067399194217080\",\"name\":\"C\u0103lin Pop\",\"image\":{\"@type\":\"ImageObject\",\"@id\":\"https:\/\/ski-outdoor.ro\/ski\/#personlogo\",\"inLanguage\":\"ro-RO\",\"url\":\"https:\/\/secure.gravatar.com\/avatar\/44fa4e362161e127dec2a82f7585cbd5?s=96&d=mm&r=g\",\"contentUrl\":\"https:\/\/secure.gravatar.com\/avatar\/44fa4e362161e127dec2a82f7585cbd5?s=96&d=mm&r=g\",\"caption\":\"C\u0103lin Pop\"},\"url\":\"https:\/\/ski-outdoor.ro\/ski\/author\/calinpop\/\"}]}<\/script>\n<!-- \/ Yoast SEO plugin. -->","yoast_head_json":{"title":"Jacheta KRIZNA - Northfinder - Ski Magazine","description":"Jacheta este special conceput\u0103 petru schi de tur\u0103, cu un croi ergonomic ce respect\u0103 specificul zonelor corpului \u0219i formele feminine.","robots":{"index":"index","follow":"follow","max-snippet":"max-snippet:-1","max-image-preview":"max-image-preview:large","max-video-preview":"max-video-preview:-1"},"canonical":"https:\/\/ski-outdoor.ro\/ski\/2024\/01\/31\/jacheta-krizna-northfinder\/","og_locale":"ro_RO","og_type":"article","og_title":"Jacheta KRIZNA - Northfinder - Ski Magazine","og_description":"Jacheta este special conceput\u0103 petru schi de tur\u0103, cu un croi ergonomic ce respect\u0103 specificul zonelor corpului \u0219i formele feminine.","og_url":"https:\/\/ski-outdoor.ro\/ski\/2024\/01\/31\/jacheta-krizna-northfinder\/","og_site_name":"Ski Magazine","article_published_time":"2024-01-31T15:24:50+00:00","article_modified_time":"2024-02-05T10:19:11+00:00","og_image":[{"width":1152,"height":800,"url":"https:\/\/ski-outdoor.ro\/ski\/wp-content\/uploads\/sites\/2\/2024\/01\/Krizna-1.jpg","type":"image\/jpeg"}],"twitter_card":"summary_large_image","twitter_misc":{"Scris de":"C\u0103lin Pop","Timp estimat pentru citire":"2 minute"},"schema":{"@context":"https:\/\/schema.org","@graph":[{"@type":"WebSite","@id":"https:\/\/ski-outdoor.ro\/ski\/#website","url":"https:\/\/ski-outdoor.ro\/ski\/","name":"Ski Magazine","description":"","potentialAction":[{"@type":"SearchAction","target":{"@type":"EntryPoint","urlTemplate":"https:\/\/ski-outdoor.ro\/ski\/?s={search_term_string}"},"query-input":"required name=search_term_string"}],"inLanguage":"ro-RO"},{"@type":"ImageObject","@id":"https:\/\/ski-outdoor.ro\/ski\/2024\/01\/31\/jacheta-krizna-northfinder\/#primaryimage","inLanguage":"ro-RO","url":"https:\/\/ski-outdoor.ro\/ski\/wp-content\/uploads\/sites\/2\/2024\/01\/Krizna-1.jpg","contentUrl":"https:\/\/ski-outdoor.ro\/ski\/wp-content\/uploads\/sites\/2\/2024\/01\/Krizna-1.jpg","width":1152,"height":800},{"@type":"WebPage","@id":"https:\/\/ski-outdoor.ro\/ski\/2024\/01\/31\/jacheta-krizna-northfinder\/#webpage","url":"https:\/\/ski-outdoor.ro\/ski\/2024\/01\/31\/jacheta-krizna-northfinder\/","name":"Jacheta KRIZNA - Northfinder - Ski Magazine","isPartOf":{"@id":"https:\/\/ski-outdoor.ro\/ski\/#website"},"primaryImageOfPage":{"@id":"https:\/\/ski-outdoor.ro\/ski\/2024\/01\/31\/jacheta-krizna-northfinder\/#primaryimage"},"datePublished":"2024-01-31T15:24:50+00:00","dateModified":"2024-02-05T10:19:11+00:00","author":{"@id":"https:\/\/ski-outdoor.ro\/ski\/#\/schema\/person\/3d8c2382a34197255067399194217080"},"description":"Jacheta este special conceput\u0103 petru schi de tur\u0103, cu un croi ergonomic ce respect\u0103 specificul zonelor corpului \u0219i formele feminine.","breadcrumb":{"@id":"https:\/\/ski-outdoor.ro\/ski\/2024\/01\/31\/jacheta-krizna-northfinder\/#breadcrumb"},"inLanguage":"ro-RO","potentialAction":[{"@type":"ReadAction","target":["https:\/\/ski-outdoor.ro\/ski\/2024\/01\/31\/jacheta-krizna-northfinder\/"]}]},{"@type":"BreadcrumbList","@id":"https:\/\/ski-outdoor.ro\/ski\/2024\/01\/31\/jacheta-krizna-northfinder\/#breadcrumb","itemListElement":[{"@type":"ListItem","position":1,"name":"Home","item":"https:\/\/ski-outdoor.ro\/ski\/"},{"@type":"ListItem","position":2,"name":"Jacheta KRIZNA &#8211; Northfinder"}]},{"@type":"Person","@id":"https:\/\/ski-outdoor.ro\/ski\/#\/schema\/person\/3d8c2382a34197255067399194217080","name":"C\u0103lin Pop","image":{"@type":"ImageObject","@id":"https:\/\/ski-outdoor.ro\/ski\/#personlogo","inLanguage":"ro-RO","url":"https:\/\/secure.gravatar.com\/avatar\/44fa4e362161e127dec2a82f7585cbd5?s=96&d=mm&r=g","contentUrl":"https:\/\/secure.gravatar.com\/avatar\/44fa4e362161e127dec2a82f7585cbd5?s=96&d=mm&r=g","caption":"C\u0103lin Pop"},"url":"https:\/\/ski-outdoor.ro\/ski\/author\/calinpop\/"}]}},"_links":{"self":[{"href":"https:\/\/ski-outdoor.ro\/ski\/wp-json\/wp\/v2\/posts\/22833"}],"collection":[{"href":"https:\/\/ski-outdoor.ro\/ski\/wp-json\/wp\/v2\/posts"}],"about":[{"href":"https:\/\/ski-outdoor.ro\/ski\/wp-json\/wp\/v2\/types\/post"}],"author":[{"embeddable":true,"href":"https:\/\/ski-outdoor.ro\/ski\/wp-json\/wp\/v2\/users\/23"}],"replies":[{"embeddable":true,"href":"https:\/\/ski-outdoor.ro\/ski\/wp-json\/wp\/v2\/comments?post=22833"}],"version-history":[{"count":4,"href":"https:\/\/ski-outdoor.ro\/ski\/wp-json\/wp\/v2\/posts\/22833\/revisions"}],"predecessor-version":[{"id":22853,"href":"https:\/\/ski-outdoor.ro\/ski\/wp-json\/wp\/v2\/posts\/22833\/revisions\/22853"}],"wp:featuredmedia":[{"embeddable":true,"href":"https:\/\/ski-outdoor.ro\/ski\/wp-json\/wp\/v2\/media\/22834"}],"wp:attachment":[{"href":"https:\/\/ski-outdoor.ro\/ski\/wp-json\/wp\/v2\/media?parent=22833"}],"wp:term":[{"taxonomy":"category","embeddable":true,"href":"https:\/\/ski-outdoor.ro\/ski\/wp-json\/wp\/v2\/categories?post=22833"},{"taxonomy":"post_tag","embeddable":true,"href":"https:\/\/ski-outdoor.ro\/ski\/wp-json\/wp\/v2\/tags?post=22833"}],"curies":[{"name":"wp","href":"https:\/\/api.w.org\/{rel}","templated":true}]}}