{"id":5183,"date":"2014-11-30T11:31:05","date_gmt":"2014-11-30T09:31:05","guid":{"rendered":"https:\/\/ski-outdoor.ro\/ski\/?p=5183"},"modified":"2014-11-30T11:31:05","modified_gmt":"2014-11-30T09:31:05","slug":"la-ski-de-1-decembrie","status":"publish","type":"post","link":"https:\/\/ski-outdoor.ro\/ski\/2014\/11\/30\/la-ski-de-1-decembrie\/","title":{"rendered":"La schi de 1 Decembrie"},"content":{"rendered":"<p><![CDATA[Mii de rom\u00e2ni \u00a0s\u0103rb\u0103toresc \u00a0<strong>Ziua Na\u0163ional\u0103<\/strong> pe p\u00e2rtiile din \u021bar\u0103. Pentru aceast\u0103 mini vacan\u0163\u0103, (28noiembrie -1 decembrie), \u00een Poiana Bra\u015fov turi\u015ftii au rezervat aproximativ 70% din <strong>camerele hotelurilor<\/strong>\u00a0\u0219i pensiunilor. Pachetele de cazare \u00een Poiana Bra\u015fov cost\u0103 \u00eentre 90 \u015fi 300 de euro de persoan\u0103 \u00een camer\u0103 dubl\u0103, iar \u00een Predeal, \u00eentre 60 \u015fi 150 de euro.\nSe schiaz\u0103 \u00een condi\u021bii bune la <strong>Predeal<\/strong>, pe p\u00e2rtia <strong>Cl\u0103bucet-Sosire<\/strong>, unde administratorii p\u00e2rtiei au pornit tunurile de z\u0103pad\u0103 \u00eenc\u0103 de s\u0103pt\u0103m\u00e2na trecut\u0103, iar <strong>stratul de z\u0103pad\u0103 atinge 20 cm<\/strong>. Instala\u021biile de transport pe cablu nu au fost \u00eenc\u0103 pornite, dar func\u021bioneaz\u0103\u00a0un babylift special pentru cei care au venit aici s\u0103 schieze.\nSe schiaz\u0103 \u0219i la <strong>Azuga<\/strong>, pe <strong>Cazacu<\/strong>, dar cele mai multe p\u00e2rtii sunt deschise \u00een <strong>Poiana Bra\u0219ov<\/strong>. Astfel, se schiaz\u0103 \u00een condi\u021bii dificile pe <strong>Kanzel, Lupului<\/strong> \u0219i <strong>Sulinar<\/strong> \u0219i \u00een condi\u021bii acceptabile pe <strong>Drumul Ro\u0219u<\/strong>, stratul de z\u0103pada m\u0103sur\u00e2nd aproximativ 20 de centimetri pe toate aceste p\u00e2rtii.\nSezonul de schi s-a deschis \u0219i la <strong>Arena Plato\u0219<\/strong>, ca de obicei, printr-o petrecere. Sub genericul Get United, \u00eentr-un cort special amenajat au mixat s\u00e2mb\u0103t\u0103 seara <strong>DJ Sauce<\/strong> \u0219i <strong>DJ K-LU<\/strong>, party-ul fiind deschis de <strong>Cris<\/strong>. S-a schiat \u00een condi\u021bii bune\u00a0pe p\u00e2rtia Arena, unde stratul de z\u0103pad\u0103 a atins, cu ajutorul tunurilor care au func\u021bionat toat\u0103 s\u0103pt\u0103m\u00e2na, 25 de centimetri, apoi p\u00e2rtia a fost \u00eenchis\u0103 duminic\u0103 din cauza ploii.\nAndrei Hu\u021banu\n&nbsp;]]>    \t<\/p>\n","protected":false},"excerpt":{"rendered":"<p>Ziua Na\u0163ional\u0103 pe p\u00e2rtiile din \u021bar\u0103. Pentru aceast\u0103 mini vacan\u0163\u0103, (28noiembrie -1 decembrie), \u00een Poiana Bra\u015fov turi\u015ftii au rezervat aproximativ&#8230;<\/p>\n","protected":false},"author":16,"featured_media":5185,"comment_status":"open","ping_status":"open","sticky":false,"template":"","format":"standard","meta":[],"categories":[78],"tags":[163,578,2162,579,1176,2163,2164,2165,2166,2167,2168,2169,1120,2170,448,371,97,76,390,2171,2172,224],"yoast_head":"<!-- This site is optimized with the Yoast SEO plugin v18.4.1 - https:\/\/yoast.com\/wordpress\/plugins\/seo\/ -->\n<title>La schi de 1 Decembrie - Ski Magazine<\/title>\n<meta name=\"robots\" content=\"index, follow, max-snippet:-1, max-image-preview:large, max-video-preview:-1\" \/>\n<link rel=\"canonical\" href=\"https:\/\/ski-outdoor.ro\/ski\/2014\/11\/30\/la-ski-de-1-decembrie\/\" \/>\n<meta property=\"og:locale\" content=\"ro_RO\" \/>\n<meta property=\"og:type\" content=\"article\" \/>\n<meta property=\"og:title\" content=\"La schi de 1 Decembrie - Ski Magazine\" \/>\n<meta property=\"og:description\" content=\"Ziua Na\u0163ional\u0103 pe p\u00e2rtiile din \u021bar\u0103. Pentru aceast\u0103 mini vacan\u0163\u0103, (28noiembrie -1 decembrie), \u00een Poiana Bra\u015fov turi\u015ftii au rezervat aproximativ...\" \/>\n<meta property=\"og:url\" content=\"https:\/\/ski-outdoor.ro\/ski\/2014\/11\/30\/la-ski-de-1-decembrie\/\" \/>\n<meta property=\"og:site_name\" content=\"Ski Magazine\" \/>\n<meta property=\"article:published_time\" content=\"2014-11-30T09:31:05+00:00\" \/>\n<meta property=\"og:image\" content=\"https:\/\/ski-outdoor.ro\/ski\/wp-content\/uploads\/sites\/2\/2014\/11\/partia_predal.jpg\" \/>\n\t<meta property=\"og:image:width\" content=\"1200\" \/>\n\t<meta property=\"og:image:height\" content=\"546\" \/>\n\t<meta property=\"og:image:type\" content=\"image\/jpeg\" \/>\n<meta name=\"twitter:card\" content=\"summary_large_image\" \/>\n<meta name=\"twitter:label1\" content=\"Scris de\" \/>\n\t<meta name=\"twitter:data1\" content=\"Bianca \u0218omlea\" \/>\n\t<meta name=\"twitter:label2\" content=\"Timp estimat pentru citire\" \/>\n\t<meta name=\"twitter:data2\" content=\"1 minut\" \/>\n<script type=\"application\/ld+json\" class=\"yoast-schema-graph\">{\"@context\":\"https:\/\/schema.org\",\"@graph\":[{\"@type\":\"WebSite\",\"@id\":\"https:\/\/ski-outdoor.ro\/ski\/#website\",\"url\":\"https:\/\/ski-outdoor.ro\/ski\/\",\"name\":\"Ski Magazine\",\"description\":\"\",\"potentialAction\":[{\"@type\":\"SearchAction\",\"target\":{\"@type\":\"EntryPoint\",\"urlTemplate\":\"https:\/\/ski-outdoor.ro\/ski\/?s={search_term_string}\"},\"query-input\":\"required name=search_term_string\"}],\"inLanguage\":\"ro-RO\"},{\"@type\":\"ImageObject\",\"@id\":\"https:\/\/ski-outdoor.ro\/ski\/2014\/11\/30\/la-ski-de-1-decembrie\/#primaryimage\",\"inLanguage\":\"ro-RO\",\"url\":\"https:\/\/ski-outdoor.ro\/ski\/wp-content\/uploads\/sites\/2\/2014\/11\/partia_predal.jpg\",\"contentUrl\":\"https:\/\/ski-outdoor.ro\/ski\/wp-content\/uploads\/sites\/2\/2014\/11\/partia_predal.jpg\",\"width\":1200,\"height\":546,\"caption\":\"Cl\u0103bucet Predeal\"},{\"@type\":\"WebPage\",\"@id\":\"https:\/\/ski-outdoor.ro\/ski\/2014\/11\/30\/la-ski-de-1-decembrie\/#webpage\",\"url\":\"https:\/\/ski-outdoor.ro\/ski\/2014\/11\/30\/la-ski-de-1-decembrie\/\",\"name\":\"La schi de 1 Decembrie - Ski Magazine\",\"isPartOf\":{\"@id\":\"https:\/\/ski-outdoor.ro\/ski\/#website\"},\"primaryImageOfPage\":{\"@id\":\"https:\/\/ski-outdoor.ro\/ski\/2014\/11\/30\/la-ski-de-1-decembrie\/#primaryimage\"},\"datePublished\":\"2014-11-30T09:31:05+00:00\",\"dateModified\":\"2014-11-30T09:31:05+00:00\",\"author\":{\"@id\":\"https:\/\/ski-outdoor.ro\/ski\/#\/schema\/person\/29661f8d079aa10872d8edcf2a2a520b\"},\"breadcrumb\":{\"@id\":\"https:\/\/ski-outdoor.ro\/ski\/2014\/11\/30\/la-ski-de-1-decembrie\/#breadcrumb\"},\"inLanguage\":\"ro-RO\",\"potentialAction\":[{\"@type\":\"ReadAction\",\"target\":[\"https:\/\/ski-outdoor.ro\/ski\/2014\/11\/30\/la-ski-de-1-decembrie\/\"]}]},{\"@type\":\"BreadcrumbList\",\"@id\":\"https:\/\/ski-outdoor.ro\/ski\/2014\/11\/30\/la-ski-de-1-decembrie\/#breadcrumb\",\"itemListElement\":[{\"@type\":\"ListItem\",\"position\":1,\"name\":\"Home\",\"item\":\"https:\/\/ski-outdoor.ro\/ski\/\"},{\"@type\":\"ListItem\",\"position\":2,\"name\":\"La schi de 1 Decembrie\"}]},{\"@type\":\"Person\",\"@id\":\"https:\/\/ski-outdoor.ro\/ski\/#\/schema\/person\/29661f8d079aa10872d8edcf2a2a520b\",\"name\":\"Bianca \u0218omlea\",\"image\":{\"@type\":\"ImageObject\",\"@id\":\"https:\/\/ski-outdoor.ro\/ski\/#personlogo\",\"inLanguage\":\"ro-RO\",\"url\":\"https:\/\/secure.gravatar.com\/avatar\/b39a83203da3fc8888ded6e8052246ad?s=96&d=mm&r=g\",\"contentUrl\":\"https:\/\/secure.gravatar.com\/avatar\/b39a83203da3fc8888ded6e8052246ad?s=96&d=mm&r=g\",\"caption\":\"Bianca \u0218omlea\"},\"url\":\"https:\/\/ski-outdoor.ro\/ski\/author\/editorfb206\/\"}]}<\/script>\n<!-- \/ Yoast SEO plugin. -->","yoast_head_json":{"title":"La schi de 1 Decembrie - Ski Magazine","robots":{"index":"index","follow":"follow","max-snippet":"max-snippet:-1","max-image-preview":"max-image-preview:large","max-video-preview":"max-video-preview:-1"},"canonical":"https:\/\/ski-outdoor.ro\/ski\/2014\/11\/30\/la-ski-de-1-decembrie\/","og_locale":"ro_RO","og_type":"article","og_title":"La schi de 1 Decembrie - Ski Magazine","og_description":"Ziua Na\u0163ional\u0103 pe p\u00e2rtiile din \u021bar\u0103. Pentru aceast\u0103 mini vacan\u0163\u0103, (28noiembrie -1 decembrie), \u00een Poiana Bra\u015fov turi\u015ftii au rezervat aproximativ...","og_url":"https:\/\/ski-outdoor.ro\/ski\/2014\/11\/30\/la-ski-de-1-decembrie\/","og_site_name":"Ski Magazine","article_published_time":"2014-11-30T09:31:05+00:00","og_image":[{"width":1200,"height":546,"url":"https:\/\/ski-outdoor.ro\/ski\/wp-content\/uploads\/sites\/2\/2014\/11\/partia_predal.jpg","type":"image\/jpeg"}],"twitter_card":"summary_large_image","twitter_misc":{"Scris de":"Bianca \u0218omlea","Timp estimat pentru citire":"1 minut"},"schema":{"@context":"https:\/\/schema.org","@graph":[{"@type":"WebSite","@id":"https:\/\/ski-outdoor.ro\/ski\/#website","url":"https:\/\/ski-outdoor.ro\/ski\/","name":"Ski Magazine","description":"","potentialAction":[{"@type":"SearchAction","target":{"@type":"EntryPoint","urlTemplate":"https:\/\/ski-outdoor.ro\/ski\/?s={search_term_string}"},"query-input":"required name=search_term_string"}],"inLanguage":"ro-RO"},{"@type":"ImageObject","@id":"https:\/\/ski-outdoor.ro\/ski\/2014\/11\/30\/la-ski-de-1-decembrie\/#primaryimage","inLanguage":"ro-RO","url":"https:\/\/ski-outdoor.ro\/ski\/wp-content\/uploads\/sites\/2\/2014\/11\/partia_predal.jpg","contentUrl":"https:\/\/ski-outdoor.ro\/ski\/wp-content\/uploads\/sites\/2\/2014\/11\/partia_predal.jpg","width":1200,"height":546,"caption":"Cl\u0103bucet Predeal"},{"@type":"WebPage","@id":"https:\/\/ski-outdoor.ro\/ski\/2014\/11\/30\/la-ski-de-1-decembrie\/#webpage","url":"https:\/\/ski-outdoor.ro\/ski\/2014\/11\/30\/la-ski-de-1-decembrie\/","name":"La schi de 1 Decembrie - Ski Magazine","isPartOf":{"@id":"https:\/\/ski-outdoor.ro\/ski\/#website"},"primaryImageOfPage":{"@id":"https:\/\/ski-outdoor.ro\/ski\/2014\/11\/30\/la-ski-de-1-decembrie\/#primaryimage"},"datePublished":"2014-11-30T09:31:05+00:00","dateModified":"2014-11-30T09:31:05+00:00","author":{"@id":"https:\/\/ski-outdoor.ro\/ski\/#\/schema\/person\/29661f8d079aa10872d8edcf2a2a520b"},"breadcrumb":{"@id":"https:\/\/ski-outdoor.ro\/ski\/2014\/11\/30\/la-ski-de-1-decembrie\/#breadcrumb"},"inLanguage":"ro-RO","potentialAction":[{"@type":"ReadAction","target":["https:\/\/ski-outdoor.ro\/ski\/2014\/11\/30\/la-ski-de-1-decembrie\/"]}]},{"@type":"BreadcrumbList","@id":"https:\/\/ski-outdoor.ro\/ski\/2014\/11\/30\/la-ski-de-1-decembrie\/#breadcrumb","itemListElement":[{"@type":"ListItem","position":1,"name":"Home","item":"https:\/\/ski-outdoor.ro\/ski\/"},{"@type":"ListItem","position":2,"name":"La schi de 1 Decembrie"}]},{"@type":"Person","@id":"https:\/\/ski-outdoor.ro\/ski\/#\/schema\/person\/29661f8d079aa10872d8edcf2a2a520b","name":"Bianca \u0218omlea","image":{"@type":"ImageObject","@id":"https:\/\/ski-outdoor.ro\/ski\/#personlogo","inLanguage":"ro-RO","url":"https:\/\/secure.gravatar.com\/avatar\/b39a83203da3fc8888ded6e8052246ad?s=96&d=mm&r=g","contentUrl":"https:\/\/secure.gravatar.com\/avatar\/b39a83203da3fc8888ded6e8052246ad?s=96&d=mm&r=g","caption":"Bianca \u0218omlea"},"url":"https:\/\/ski-outdoor.ro\/ski\/author\/editorfb206\/"}]}},"_links":{"self":[{"href":"https:\/\/ski-outdoor.ro\/ski\/wp-json\/wp\/v2\/posts\/5183"}],"collection":[{"href":"https:\/\/ski-outdoor.ro\/ski\/wp-json\/wp\/v2\/posts"}],"about":[{"href":"https:\/\/ski-outdoor.ro\/ski\/wp-json\/wp\/v2\/types\/post"}],"author":[{"embeddable":true,"href":"https:\/\/ski-outdoor.ro\/ski\/wp-json\/wp\/v2\/users\/16"}],"replies":[{"embeddable":true,"href":"https:\/\/ski-outdoor.ro\/ski\/wp-json\/wp\/v2\/comments?post=5183"}],"version-history":[{"count":0,"href":"https:\/\/ski-outdoor.ro\/ski\/wp-json\/wp\/v2\/posts\/5183\/revisions"}],"wp:featuredmedia":[{"embeddable":true,"href":"https:\/\/ski-outdoor.ro\/ski\/wp-json\/wp\/v2\/media\/5185"}],"wp:attachment":[{"href":"https:\/\/ski-outdoor.ro\/ski\/wp-json\/wp\/v2\/media?parent=5183"}],"wp:term":[{"taxonomy":"category","embeddable":true,"href":"https:\/\/ski-outdoor.ro\/ski\/wp-json\/wp\/v2\/categories?post=5183"},{"taxonomy":"post_tag","embeddable":true,"href":"https:\/\/ski-outdoor.ro\/ski\/wp-json\/wp\/v2\/tags?post=5183"}],"curies":[{"name":"wp","href":"https:\/\/api.w.org\/{rel}","templated":true}]}}