{"id":5428,"date":"2014-12-07T20:29:20","date_gmt":"2014-12-07T18:29:20","guid":{"rendered":"https:\/\/ski-outdoor.ro\/ski\/?p=5428"},"modified":"2019-11-03T19:01:43","modified_gmt":"2019-11-03T19:01:43","slug":"hannes-reichelt-a-revenit","status":"publish","type":"post","link":"https:\/\/ski-outdoor.ro\/ski\/2014\/12\/07\/hannes-reichelt-a-revenit\/","title":{"rendered":"Hannes Reichelt a revenit pe podium la Super-G"},"content":{"rendered":"\n<p><strong>Pista rapid\u0103, dar tehnic\u0103, preg\u0103tit\u0103 s\u00e2mb\u0103t\u0103 de italianul Gianluca Rulfi pentru \u00eentrecerea masculin\u0103 de Super G de la Beaver Creek a reprezentat o adev\u0103rat\u0103 provocare pentru majoritatea schiorilor. <\/strong><\/p>\n\n\n\n<p>Nu mul\u021bi au fost cei care au reu\u0219it s\u0103 treac\u0103 de linia de finish f\u0103r\u0103 gre\u0219eal\u0103. Dintre cei 69 de participan\u021bi, 19 nu au reu\u0219it s\u0103 finalizeze cursa. Hannes Reichelt, Kjetil Jansrud \u0219i Alexis Pinturault au f\u0103cut fa\u021b\u0103 provoc\u0103rilor \u0219i au ob\u021binut cel mai bun timp. <\/p>\n\n\n\n<p>Se \u0219tie c\u0103 Hannes Reichelt are o leg\u0103tur\u0103 special\u0103 cu Beaver Creek. La Birds of Prey a ob\u021binut prima sa victorie din carier\u0103, \u00een 2005, iar \u00een total a ob\u021binut aici 5 podiumuri, dintre care 4 la Super G. \u201c<em>Am o str\u00e2ns\u0103 leg\u0103tur\u0103 cu aceast\u0103 pista, \u00een special la super G<\/em>\u201c, a spus\u00a0Reichelt plin de bucurie. \u201c<em>\u00centotdeauna m\u0103 \u00eentorc fericit la Beaver Creek deoarece am tr\u0103it aici experien\u021be extraordinare \u00een trecut, iar azi mai\u00a0adaug o amintire pl\u0103cuta listei<\/em>\u201c, a ad\u0103ugat\u00a0el. <\/p>\n\n\n\n<p>C\u00e2nd a fost \u00eentrebat care este motivul pentru care asceasta p\u00e2rtie\u00a0este at\u00e2t de potrivit\u0103 pentru stilul s\u0103u de a schia, Reichelt a comentat: \u201c<em>Nu sunt sigur, dar probabil din cauz\u0103 c\u0103 e o pist\u0103 foarte dur\u0103, trebuie s\u0103 schiezi folosindu-\u021bi inteligen\u021ba la maximum \u0219i s\u0103 \u00ee\u021bi asumi unele riscuri la locurile potrivite<\/em>&#8222;. <\/p>\n\n\n\n<p>\u00cen ianuarie, dup\u0103 c\u00e2teva zile de la victoria la cobor\u00e2re \u00een Kitzbuehel, Reichelt a trecut printr-o interven\u021bie chirurgical\u0103\u00a0la spate \u0219i a ratat Jocurile Olimpice de la Sochi. Astfel, faptul c\u0103 a ajuns pe podium la Beaver Creek\u00a0este o realizare important\u0103. <\/p>\n\n\n\n<p>Seria c\u00e2\u0219tigurilor lui Kjetil Jansrud s-a \u00eencheiat s\u00e2mb\u0103t\u0103. Chiar dac\u0103 pare s\u0103 fie dezam\u0103git de locul 2, el\u00a0\u0219i-a asumat \u00een totalitate e\u0219ecul:\u00a0&#8222;<em>C\u00e2nd am trecut linia de finish am v\u0103zut c\u0103 sunt pe locul doi \u0219i am \u0219tiut c\u0103 dac\u0103 nu ar fi fost acea\u00a0gre\u0219eal\u0103, a\u0219 fi putut c\u00e2\u0219tiga. Am fost dezam\u0103git doar de gre\u0219eala mea, dar sunt mul\u021bumit de rezultat. C\u00e2teodat\u0103 c\u00e2\u0219tigi, c\u00e2teodat\u0103 nu, a\u0219a e la schi. Atunci c\u00e2nd nu te mul\u021bume\u0219ti cu locul doi, devii un arogant, iar asta nu se va \u00eent\u00e2mpla cu mine<\/em>&#8222;, a spus Kjetil Jansurd. <\/p>\n\n\n\n<p>Alexis Pinturault este cunoscut pentru rezultatele sale la cursele tehnice, dar t\u00e2n\u0103rul francez nu \u021bine secret faptul c\u0103 \u00ee\u0219i doreste s\u0103 \u00ee\u0219i \u00eembun\u0103t\u0103\u021beasc\u0103 performa\u021ba la cursele de vitez\u0103. Chiar dac\u0103 nu s-a antrenat cum ar fi vrut vara trecut\u0103, a finalizat pe locul 3, cu jum\u0103tate de secund\u0103 \u00een urma locului \u00eent\u00e2i. \u201d<em>Ne-am antrenat \u00een Chile vara aceasta timp de cinci zile, dar nu au fost ni\u0219te zile productive, deci rezultatul ob\u021binut este datorat\u00a0muncii din anii trecu\u021bi. Am pl\u0103nuit s\u0103 m\u0103 antrenez mai mult pentru super G \u0219i cobor\u00e2re, dar condi\u021biile nu au fost de partea noastr\u0103<\/em>\u201d, a spus Pinturault. <\/p>\n\n\n\n<p>Cu 24 de podiumuri la cobor\u00e2re, Alexis Pinturault inten\u021bioneaz\u0103 s\u0103 se concentreze pe disciplinele mai tehnice: \u201d<em>Voi \u00eencerca s\u0103 m\u0103 concetrez asupra slalomului, slalomului uria\u0219, super combinatei \u0219i super G. Nu \u00eemi fac foarte mari planuri pentru cobor\u00e2re \u00eenc\u0103. Atunci c\u00e2nd schizi la cobor\u00e2re ai un program foarte \u00eenc\u0103rcat deoarece trebuie s\u0103 faci \u0219i antrenamente \u0219i curse<\/em>\u201d.<\/p>\n\n\n\n<p>B\u0103ie\u021bii \u00eencheie s\u0103pt\u0103m\u00e2na de curse de la Beaver Creek duminic\u0103, cu slalomul uria\u0219 \u0219i se vor \u00eendrepta spre Are, Suedia, unde se vor \u021bine vineri \u0219i duminic\u0103 cursele slalom \u0219i slalom uria\u0219 at\u00e2t pentru fete, c\u00e2t \u0219i pentru b\u0103ie\u021bi.<\/p>\n\n\n\n<p><em>Scris de: Adrian Nechita<\/em><\/p>\n","protected":false},"excerpt":{"rendered":"<p>Pista rapid\u0103, dar tehnic\u0103, preg\u0103tit\u0103 s\u00e2mb\u0103t\u0103 de italianul Gianluca Rulfi pentru \u00eentrecerea masculin\u0103 de Super G de la Beaver Creek&#8230;<\/p>\n","protected":false},"author":15,"featured_media":5429,"comment_status":"open","ping_status":"open","sticky":false,"template":"","format":"standard","meta":[],"categories":[53],"tags":[466,107,1162,1138,117,75,97,76],"yoast_head":"<!-- This site is optimized with the Yoast SEO plugin v18.4.1 - https:\/\/yoast.com\/wordpress\/plugins\/seo\/ -->\n<title>Hannes Reichelt a revenit pe podium la Super-G - Ski Magazine<\/title>\n<meta name=\"robots\" content=\"index, follow, max-snippet:-1, max-image-preview:large, max-video-preview:-1\" \/>\n<link rel=\"canonical\" href=\"https:\/\/ski-outdoor.ro\/ski\/2014\/12\/07\/hannes-reichelt-a-revenit\/\" \/>\n<meta property=\"og:locale\" content=\"ro_RO\" \/>\n<meta property=\"og:type\" content=\"article\" \/>\n<meta property=\"og:title\" content=\"Hannes Reichelt a revenit pe podium la Super-G - Ski Magazine\" \/>\n<meta property=\"og:description\" content=\"Pista rapid\u0103, dar tehnic\u0103, preg\u0103tit\u0103 s\u00e2mb\u0103t\u0103 de italianul Gianluca Rulfi pentru \u00eentrecerea masculin\u0103 de Super G de la Beaver Creek...\" \/>\n<meta property=\"og:url\" content=\"https:\/\/ski-outdoor.ro\/ski\/2014\/12\/07\/hannes-reichelt-a-revenit\/\" \/>\n<meta property=\"og:site_name\" content=\"Ski Magazine\" \/>\n<meta property=\"article:published_time\" content=\"2014-12-07T18:29:20+00:00\" \/>\n<meta property=\"article:modified_time\" content=\"2019-11-03T19:01:43+00:00\" \/>\n<meta property=\"og:image\" content=\"https:\/\/ski-outdoor.ro\/ski\/wp-content\/uploads\/sites\/2\/2014\/12\/Hannes-Reichelt-a-revenit.jpg\" \/>\n\t<meta property=\"og:image:width\" content=\"640\" \/>\n\t<meta property=\"og:image:height\" content=\"360\" \/>\n\t<meta property=\"og:image:type\" content=\"image\/jpeg\" \/>\n<meta name=\"twitter:card\" content=\"summary_large_image\" \/>\n<meta name=\"twitter:label1\" content=\"Scris de\" \/>\n\t<meta name=\"twitter:data1\" content=\"Andrei Hutanu\" \/>\n\t<meta name=\"twitter:label2\" content=\"Timp estimat pentru citire\" \/>\n\t<meta name=\"twitter:data2\" content=\"3 minute\" \/>\n<script type=\"application\/ld+json\" class=\"yoast-schema-graph\">{\"@context\":\"https:\/\/schema.org\",\"@graph\":[{\"@type\":\"WebSite\",\"@id\":\"https:\/\/ski-outdoor.ro\/ski\/#website\",\"url\":\"https:\/\/ski-outdoor.ro\/ski\/\",\"name\":\"Ski Magazine\",\"description\":\"\",\"potentialAction\":[{\"@type\":\"SearchAction\",\"target\":{\"@type\":\"EntryPoint\",\"urlTemplate\":\"https:\/\/ski-outdoor.ro\/ski\/?s={search_term_string}\"},\"query-input\":\"required name=search_term_string\"}],\"inLanguage\":\"ro-RO\"},{\"@type\":\"ImageObject\",\"@id\":\"https:\/\/ski-outdoor.ro\/ski\/2014\/12\/07\/hannes-reichelt-a-revenit\/#primaryimage\",\"inLanguage\":\"ro-RO\",\"url\":\"https:\/\/ski-outdoor.ro\/ski\/wp-content\/uploads\/sites\/2\/2014\/12\/Hannes-Reichelt-a-revenit.jpg\",\"contentUrl\":\"https:\/\/ski-outdoor.ro\/ski\/wp-content\/uploads\/sites\/2\/2014\/12\/Hannes-Reichelt-a-revenit.jpg\",\"width\":640,\"height\":360,\"caption\":\"Hannes Reichelt a revenit pe podium\"},{\"@type\":\"WebPage\",\"@id\":\"https:\/\/ski-outdoor.ro\/ski\/2014\/12\/07\/hannes-reichelt-a-revenit\/#webpage\",\"url\":\"https:\/\/ski-outdoor.ro\/ski\/2014\/12\/07\/hannes-reichelt-a-revenit\/\",\"name\":\"Hannes Reichelt a revenit pe podium la Super-G - Ski Magazine\",\"isPartOf\":{\"@id\":\"https:\/\/ski-outdoor.ro\/ski\/#website\"},\"primaryImageOfPage\":{\"@id\":\"https:\/\/ski-outdoor.ro\/ski\/2014\/12\/07\/hannes-reichelt-a-revenit\/#primaryimage\"},\"datePublished\":\"2014-12-07T18:29:20+00:00\",\"dateModified\":\"2019-11-03T19:01:43+00:00\",\"author\":{\"@id\":\"https:\/\/ski-outdoor.ro\/ski\/#\/schema\/person\/25ecfdd62fd05585715718ec6a89fd44\"},\"breadcrumb\":{\"@id\":\"https:\/\/ski-outdoor.ro\/ski\/2014\/12\/07\/hannes-reichelt-a-revenit\/#breadcrumb\"},\"inLanguage\":\"ro-RO\",\"potentialAction\":[{\"@type\":\"ReadAction\",\"target\":[\"https:\/\/ski-outdoor.ro\/ski\/2014\/12\/07\/hannes-reichelt-a-revenit\/\"]}]},{\"@type\":\"BreadcrumbList\",\"@id\":\"https:\/\/ski-outdoor.ro\/ski\/2014\/12\/07\/hannes-reichelt-a-revenit\/#breadcrumb\",\"itemListElement\":[{\"@type\":\"ListItem\",\"position\":1,\"name\":\"Home\",\"item\":\"https:\/\/ski-outdoor.ro\/ski\/\"},{\"@type\":\"ListItem\",\"position\":2,\"name\":\"Hannes Reichelt a revenit pe podium la Super-G\"}]},{\"@type\":\"Person\",\"@id\":\"https:\/\/ski-outdoor.ro\/ski\/#\/schema\/person\/25ecfdd62fd05585715718ec6a89fd44\",\"name\":\"Andrei Hutanu\",\"image\":{\"@type\":\"ImageObject\",\"@id\":\"https:\/\/ski-outdoor.ro\/ski\/#personlogo\",\"inLanguage\":\"ro-RO\",\"url\":\"https:\/\/secure.gravatar.com\/avatar\/29ed3b0356133fa1b0b13d0f3857a161?s=96&d=mm&r=g\",\"contentUrl\":\"https:\/\/secure.gravatar.com\/avatar\/29ed3b0356133fa1b0b13d0f3857a161?s=96&d=mm&r=g\",\"caption\":\"Andrei Hutanu\"},\"url\":\"https:\/\/ski-outdoor.ro\/ski\/author\/editor\/\"}]}<\/script>\n<!-- \/ Yoast SEO plugin. -->","yoast_head_json":{"title":"Hannes Reichelt a revenit pe podium la Super-G - Ski Magazine","robots":{"index":"index","follow":"follow","max-snippet":"max-snippet:-1","max-image-preview":"max-image-preview:large","max-video-preview":"max-video-preview:-1"},"canonical":"https:\/\/ski-outdoor.ro\/ski\/2014\/12\/07\/hannes-reichelt-a-revenit\/","og_locale":"ro_RO","og_type":"article","og_title":"Hannes Reichelt a revenit pe podium la Super-G - Ski Magazine","og_description":"Pista rapid\u0103, dar tehnic\u0103, preg\u0103tit\u0103 s\u00e2mb\u0103t\u0103 de italianul Gianluca Rulfi pentru \u00eentrecerea masculin\u0103 de Super G de la Beaver Creek...","og_url":"https:\/\/ski-outdoor.ro\/ski\/2014\/12\/07\/hannes-reichelt-a-revenit\/","og_site_name":"Ski Magazine","article_published_time":"2014-12-07T18:29:20+00:00","article_modified_time":"2019-11-03T19:01:43+00:00","og_image":[{"width":640,"height":360,"url":"https:\/\/ski-outdoor.ro\/ski\/wp-content\/uploads\/sites\/2\/2014\/12\/Hannes-Reichelt-a-revenit.jpg","type":"image\/jpeg"}],"twitter_card":"summary_large_image","twitter_misc":{"Scris de":"Andrei Hutanu","Timp estimat pentru citire":"3 minute"},"schema":{"@context":"https:\/\/schema.org","@graph":[{"@type":"WebSite","@id":"https:\/\/ski-outdoor.ro\/ski\/#website","url":"https:\/\/ski-outdoor.ro\/ski\/","name":"Ski Magazine","description":"","potentialAction":[{"@type":"SearchAction","target":{"@type":"EntryPoint","urlTemplate":"https:\/\/ski-outdoor.ro\/ski\/?s={search_term_string}"},"query-input":"required name=search_term_string"}],"inLanguage":"ro-RO"},{"@type":"ImageObject","@id":"https:\/\/ski-outdoor.ro\/ski\/2014\/12\/07\/hannes-reichelt-a-revenit\/#primaryimage","inLanguage":"ro-RO","url":"https:\/\/ski-outdoor.ro\/ski\/wp-content\/uploads\/sites\/2\/2014\/12\/Hannes-Reichelt-a-revenit.jpg","contentUrl":"https:\/\/ski-outdoor.ro\/ski\/wp-content\/uploads\/sites\/2\/2014\/12\/Hannes-Reichelt-a-revenit.jpg","width":640,"height":360,"caption":"Hannes Reichelt a revenit pe podium"},{"@type":"WebPage","@id":"https:\/\/ski-outdoor.ro\/ski\/2014\/12\/07\/hannes-reichelt-a-revenit\/#webpage","url":"https:\/\/ski-outdoor.ro\/ski\/2014\/12\/07\/hannes-reichelt-a-revenit\/","name":"Hannes Reichelt a revenit pe podium la Super-G - Ski Magazine","isPartOf":{"@id":"https:\/\/ski-outdoor.ro\/ski\/#website"},"primaryImageOfPage":{"@id":"https:\/\/ski-outdoor.ro\/ski\/2014\/12\/07\/hannes-reichelt-a-revenit\/#primaryimage"},"datePublished":"2014-12-07T18:29:20+00:00","dateModified":"2019-11-03T19:01:43+00:00","author":{"@id":"https:\/\/ski-outdoor.ro\/ski\/#\/schema\/person\/25ecfdd62fd05585715718ec6a89fd44"},"breadcrumb":{"@id":"https:\/\/ski-outdoor.ro\/ski\/2014\/12\/07\/hannes-reichelt-a-revenit\/#breadcrumb"},"inLanguage":"ro-RO","potentialAction":[{"@type":"ReadAction","target":["https:\/\/ski-outdoor.ro\/ski\/2014\/12\/07\/hannes-reichelt-a-revenit\/"]}]},{"@type":"BreadcrumbList","@id":"https:\/\/ski-outdoor.ro\/ski\/2014\/12\/07\/hannes-reichelt-a-revenit\/#breadcrumb","itemListElement":[{"@type":"ListItem","position":1,"name":"Home","item":"https:\/\/ski-outdoor.ro\/ski\/"},{"@type":"ListItem","position":2,"name":"Hannes Reichelt a revenit pe podium la Super-G"}]},{"@type":"Person","@id":"https:\/\/ski-outdoor.ro\/ski\/#\/schema\/person\/25ecfdd62fd05585715718ec6a89fd44","name":"Andrei Hutanu","image":{"@type":"ImageObject","@id":"https:\/\/ski-outdoor.ro\/ski\/#personlogo","inLanguage":"ro-RO","url":"https:\/\/secure.gravatar.com\/avatar\/29ed3b0356133fa1b0b13d0f3857a161?s=96&d=mm&r=g","contentUrl":"https:\/\/secure.gravatar.com\/avatar\/29ed3b0356133fa1b0b13d0f3857a161?s=96&d=mm&r=g","caption":"Andrei Hutanu"},"url":"https:\/\/ski-outdoor.ro\/ski\/author\/editor\/"}]}},"_links":{"self":[{"href":"https:\/\/ski-outdoor.ro\/ski\/wp-json\/wp\/v2\/posts\/5428"}],"collection":[{"href":"https:\/\/ski-outdoor.ro\/ski\/wp-json\/wp\/v2\/posts"}],"about":[{"href":"https:\/\/ski-outdoor.ro\/ski\/wp-json\/wp\/v2\/types\/post"}],"author":[{"embeddable":true,"href":"https:\/\/ski-outdoor.ro\/ski\/wp-json\/wp\/v2\/users\/15"}],"replies":[{"embeddable":true,"href":"https:\/\/ski-outdoor.ro\/ski\/wp-json\/wp\/v2\/comments?post=5428"}],"version-history":[{"count":1,"href":"https:\/\/ski-outdoor.ro\/ski\/wp-json\/wp\/v2\/posts\/5428\/revisions"}],"predecessor-version":[{"id":13373,"href":"https:\/\/ski-outdoor.ro\/ski\/wp-json\/wp\/v2\/posts\/5428\/revisions\/13373"}],"wp:featuredmedia":[{"embeddable":true,"href":"https:\/\/ski-outdoor.ro\/ski\/wp-json\/wp\/v2\/media\/5429"}],"wp:attachment":[{"href":"https:\/\/ski-outdoor.ro\/ski\/wp-json\/wp\/v2\/media?parent=5428"}],"wp:term":[{"taxonomy":"category","embeddable":true,"href":"https:\/\/ski-outdoor.ro\/ski\/wp-json\/wp\/v2\/categories?post=5428"},{"taxonomy":"post_tag","embeddable":true,"href":"https:\/\/ski-outdoor.ro\/ski\/wp-json\/wp\/v2\/tags?post=5428"}],"curies":[{"name":"wp","href":"https:\/\/api.w.org\/{rel}","templated":true}]}}