{"id":6260,"date":"2015-04-04T20:44:24","date_gmt":"2015-04-04T17:44:24","guid":{"rendered":"https:\/\/ski-outdoor.ro\/ski\/?p=6260"},"modified":"2019-11-07T18:03:43","modified_gmt":"2019-11-07T18:03:43","slug":"monitor-in-franta","status":"publish","type":"post","link":"https:\/\/ski-outdoor.ro\/ski\/2015\/04\/04\/monitor-in-franta\/","title":{"rendered":"Monitor \u00een Fran\u021ba"},"content":{"rendered":"\n<p><strong>C\u00e2nd au auzit prietenii mei c\u0103 plec \u00een Fran\u021ba, ca instructor de schi, au f\u0103cut ni\u0219te fe\u021be lungi \u0219i au c\u0103scat ni\u0219te ochi mari, l\u0103crimo\u0219i, de parc\u0103 urma s\u0103 plec pe front. Reac\u021bia lor, de ad\u00e2nc\u0103 admira\u021bie, a fost una \u0219i aceea\u0219i: \u201ebravo, b\u0103 b\u0103iatule&#8230;\u201d<\/strong> <\/p>\n\n\n\n<p>Nu \u0219tiu de ce, dar aveau impresia c\u0103 merg acolo pentru c\u0103 merit. C\u0103-s prea bun ca s\u0103 mai stau aici. C\u0103 au nevoie francezii de mine. Ca \u0219i c\u00e2nd, dac\u0103 e\u0219ti bun, ar trebui s\u0103 la\u0219i tot, s\u0103-\u021bi faci valiza \u0219i s\u0103 pleci dincolo. Fals, prieteni. Nu-s nici pe departe at\u00e2t de bun \u0219i nici nu m-am dus acolo fiindc\u0103-i arde pe francezi dragostea de str\u0103ini. M-am dus ca monitor pentru c\u00e2teva zile, la Snow Fest 2015, \u00een Les Deux Alpes, unde, al\u0103turi de al\u021bi c\u00e2\u021biva monitori, am avut privilegiul s\u0103 organizez cursurile de schi \u00een cadrul acestui eveniment uria\u0219, ultra-energic \u0219i incurabil. Iar ce am descoperit, lucr\u00e2nd pe p\u00e2rtiile din Fran\u021ba, v\u0103 voi povesti mai jos. <\/p>\n\n\n\n<div class=\"wp-block-image image-comment\"><figure class=\"aligncenter\"><a class=\"image-comment\" href=\"https:\/\/ski-outdoor.ro\/ski\/wp-content\/uploads\/sites\/2\/2015\/04\/Monitor-21.jpg\"><img loading=\"lazy\" width=\"960\" height=\"645\" src=\"https:\/\/ski-outdoor.ro\/ski\/wp-content\/uploads\/sites\/2\/2015\/04\/Monitor-21.jpg\" alt=\"Monitor \u00een Fran\u021ba\" class=\"wp-image-6262\" srcset=\"https:\/\/ski-outdoor.ro\/ski\/wp-content\/uploads\/sites\/2\/2015\/04\/Monitor-21.jpg 960w, https:\/\/ski-outdoor.ro\/ski\/wp-content\/uploads\/sites\/2\/2015\/04\/Monitor-21-300x202.jpg 300w, https:\/\/ski-outdoor.ro\/ski\/wp-content\/uploads\/sites\/2\/2015\/04\/Monitor-21-768x516.jpg 768w, https:\/\/ski-outdoor.ro\/ski\/wp-content\/uploads\/sites\/2\/2015\/04\/Monitor-21-270x180.jpg 270w, https:\/\/ski-outdoor.ro\/ski\/wp-content\/uploads\/sites\/2\/2015\/04\/Monitor-21-370x249.jpg 370w, https:\/\/ski-outdoor.ro\/ski\/wp-content\/uploads\/sites\/2\/2015\/04\/Monitor-21-570x383.jpg 570w, https:\/\/ski-outdoor.ro\/ski\/wp-content\/uploads\/sites\/2\/2015\/04\/Monitor-21-770x517.jpg 770w, https:\/\/ski-outdoor.ro\/ski\/wp-content\/uploads\/sites\/2\/2015\/04\/Monitor-21-863x580.jpg 863w\" sizes=\"(max-width: 960px) 100vw, 960px\" \/><\/a><figcaption>Monitor \u00een Fran\u021ba<\/figcaption><\/figure><\/div>\n\n\n\n<p>Dar, \u00eenainte s\u0103 \u00eencep, v-a\u0219 descrie un pic atmosfera. Aerul de acolo. Ei bine, cam 2.000 de rom\u00e2ni au pornit spre Snow Fest. Unii din Rom\u00e2nia, al\u021bii din Fran\u021ba \u0219i Belgia, al\u021bii din Anglia etc. Numa\u2019 rom\u00e2ne\u0219te se vorbea prin Les Deux Alpes \u0219i, cu ni\u021bic\u0103 \u00eendr\u0103zneal\u0103, cred c-am fi putut face cu Les Deux Alpes-ul cum au f\u0103cut ru\u0219ii cu Crimeea.<\/p>\n\n\n\n<p>Dar n-am f\u0103cut-o, \u00een schimb ne-am dat nebune\u0219te \u0219i cu maxim\u0103 febr\u0103 muscular\u0103 pe cei 225 km de p\u00e2rtii, am dansat la cota 2.600, pe podeaua tot mai sc\u00e2r\u021b\u00e2it\u0103 de la Pano, iar \u00een apartamente, jos \u00een sta\u021biune, am b\u0103ut sup\u0103 la plic \u0219i bere, fix ca-n studen\u021bie. A fost un mix electrizant cu de toate, \u00een care cel mai mult mi-au pl\u0103cut dimine\u021bile, c\u00e2nd tr\u0103geam primele linii de schiuri pe urmele de ratrack, \u00een cobor\u00e2ri iu\u021bi, nervoase \u0219i mu\u0219cate al\u0103turi de Andi, Andrei \u0219i I\u021b\u0103, prietenii mei de Snow Fest 2015.<\/p>\n\n\n\n<div class=\"wp-block-image image-comment\"><figure class=\"aligncenter\"><a class=\"image-comment\" href=\"https:\/\/ski-outdoor.ro\/ski\/wp-content\/uploads\/sites\/2\/2015\/04\/Monitor-24.jpg\"><img loading=\"lazy\" width=\"960\" height=\"540\" src=\"https:\/\/ski-outdoor.ro\/ski\/wp-content\/uploads\/sites\/2\/2015\/04\/Monitor-24.jpg\" alt=\"Monitor \u00een Fran\u021ba\" class=\"wp-image-6263\" srcset=\"https:\/\/ski-outdoor.ro\/ski\/wp-content\/uploads\/sites\/2\/2015\/04\/Monitor-24.jpg 960w, https:\/\/ski-outdoor.ro\/ski\/wp-content\/uploads\/sites\/2\/2015\/04\/Monitor-24-300x169.jpg 300w, https:\/\/ski-outdoor.ro\/ski\/wp-content\/uploads\/sites\/2\/2015\/04\/Monitor-24-768x432.jpg 768w, https:\/\/ski-outdoor.ro\/ski\/wp-content\/uploads\/sites\/2\/2015\/04\/Monitor-24-370x208.jpg 370w, https:\/\/ski-outdoor.ro\/ski\/wp-content\/uploads\/sites\/2\/2015\/04\/Monitor-24-570x321.jpg 570w, https:\/\/ski-outdoor.ro\/ski\/wp-content\/uploads\/sites\/2\/2015\/04\/Monitor-24-770x433.jpg 770w\" sizes=\"(max-width: 960px) 100vw, 960px\" \/><\/a><figcaption>Monitor \u00een Fran\u021ba<\/figcaption><\/figure><\/div>\n\n\n\n<p>Dar s\u0103 revenim la cursuri. Prima diminea\u021b\u0103 a \u00eenceput&#8230; greu. Pentru c\u0103 una e socoteala de acas\u0103, la lini\u0219tea c\u0103ldurii de calorifer, \u0219i alta cea din t\u00e2rg. Ca s\u0103 nu mai zic de cea\u021ba acelei dimine\u021bi, de parc\u0103 eram \u00een Londra, care aducea pe fe\u021bele cursan\u021bilor mei expresii de profund\u0103 lips\u0103 de chef. \u00cen plus, la centrul de \u00eenchirieri (unde to\u021bi urmau s\u0103 se echipeze) a fost un haos de nedescris, cozi amestecate, oameni care vorbeau unii peste al\u021bii \u0219i care puneau acelea\u0219i \u00eentreb\u0103ri, voci \u021bipate, telefoane, \u00eentr-o \u00eenv\u0103lm\u0103\u0219eal\u0103 de iarmaroc care a durat peste o or\u0103. Nu \u0219tiu nici acum cine pe cine urma s\u0103 bat\u0103: noi pe \u0103ia de la \u00eenchirieri sau \u0103ia pe noi, pentru c\u0103 din trei \u00een trei minute \u00eei \u00eentrebam unde s\u0103 ne l\u0103s\u0103m ghetele. Cu u\u0219urin\u021b\u0103 v\u0103 \u00eenchipui\u021bi, deci, cu c\u00e2t chef au \u00eenceput cursan\u021bii prima lec\u021bie \u0219i c\u00e2t de greu mai puteau fi \u00eenveselite fe\u021bele lor, dup\u0103 at\u00e2ta chin.<\/p>\n\n\n\n<p><strong>\u00cencep\u0103torii<\/strong><br>N-o s\u0103 v\u0103 plictisesc acum, povestindu-v\u0103 cum a trecut dificila, spinoasa, scr\u00e2\u0219nita lec\u021bie din prima zi. Adic\u0103 ini\u021bierea; statul \u00een picioare pe schiuri. Mai bine v-a\u0219 ar\u0103ta ni\u0219te graphic footage 18+ A\u0219a c\u0103 sar direct la ce-a de-a doua zi, c\u00e2nd am trecut, pas cu pas, la fr\u00e2narea \u00een plug, ocolirea \u00een plug, alunecarea cu schiurile paralele \u00eentre viraje, ridicarea din c\u0103z\u0103tur\u0103, schimbarea direc\u021biei din sta\u021bionare etc. Toate, pe p\u00e2rtie albastr\u0103 (Glacier 1), la cota 3.000, unde i-am dus pe bie\u021bii mei \u00eencep\u0103tori cu unicul scop de a-i scoate din zona de cea\u021b\u0103 \u0219i de a se bucura \u0219i ei, sireacii, de sublimele peisaje montane&#8230; Acuma, \u201ep\u00e2rtie albastr\u0103\u201d vorba vine, fiindc\u0103 abia \u00een Les Deux Alpes am \u00een\u021beles eu ce \u00een\u021beleg francezii prin \u201ealbastru\u201d. Un fel de ro\u0219u nervos de-al nostru. Pe care, dac\u0103 e\u0219ti at\u00e2t de credul \u00eenc\u00e2t s\u0103 intri cu \u00eencep\u0103torii, ri\u0219ti s\u0103-i duci \u00een spate. Ceea ce am \u0219i f\u0103cut. Dar nu \u00eenainte ca unii din ei s\u0103 verse lacrimi de panic\u0103 \u0219i s\u0103-\u0219i sufle nasul a \u201er\u0103ceal\u0103\u201d&#8230; <\/p>\n\n\n\n<p>De la un alt coleg monitor am auzit altele \u0219i mai \u0219i. C\u0103 intrase cu un \u00eencep\u0103tor \u00een zona de flea\u0219c\u0103 (adic\u0103 pe p\u00e2rtiile verzi de sub cota 2.000, acolo unde fiecare hop e urmat de-o b\u0103ltoac\u0103) \u0219i c\u0103, \u00een loc s\u0103 coboare \u00een plug, bietul om cic\u0103 \u00eenota bras. A\u0219a c\u0103, dac\u0103 am avut vreodat\u0103 ca monitor ni\u0219te p\u0103cate de pl\u0103tit, ni\u0219te vorbe prea severe, ni\u0219te tarife prea mari, ni\u0219te momente \u00een care mi-am pierdut r\u0103bdarea pe p\u00e2rtii, apoi sigur le-am pl\u0103tit pe toate \u00een acea fatidic\u0103 zi din Les Deux Alpes. Zi \u00een care \u00eencep\u0103torii mei ar fi vrut mai degrab\u0103 s\u0103 se dea cu sania \u0219i, pe urm\u0103, s\u0103-mi dea cu sania \u00een cap.<\/p>\n\n\n\n<p>Ceea ce a urmat \u00een celelalte zile e f\u0103r\u0103 umor, pentru c\u0103 \u00eentr-adev\u0103r cursan\u021bii au evoluat, iar asta s-a \u00eent\u00e2mplat pentru c\u0103 am ales s\u0103 intr\u0103m pe p\u00e2rtii normale la cap. Adic\u0103 verzi, ceea ce ar \u00eensemna, \u00een Rom\u00e2nia, albastre. Au c\u0103p\u0103tat \u00eencredere \u00een propriile picioare, \u00een echipament, s-au apropiat (chiar dac\u0103 teoretic) de ideea de carving, l-au \u00een\u021beles \u0219i au vrut s\u0103-l \u00eencerce, au \u00eenv\u0103\u021bat s\u0103 anticipeze panta, s\u0103-\u0219i dozeze mai bine efortul, s\u0103 combine eficient \u0219i rapid telescaunele, s\u0103 aib\u0103 o rela\u021bie cu muntele \u0219i cu schiurile. Da, mi-a crescut inima v\u0103z\u00e2nd c\u0103 le iese \u0219i c\u0103 vor din nou (dar de data asta asumat) pe albastre&#8230;<\/p>\n\n\n\n<div class=\"wp-block-image image-comment\"><figure class=\"aligncenter\"><a class=\"image-comment\" href=\"https:\/\/ski-outdoor.ro\/ski\/wp-content\/uploads\/sites\/2\/2015\/04\/Monitor-19.jpg\"><img src=\"https:\/\/ski-outdoor.ro\/ski\/wp-content\/uploads\/sites\/2\/2015\/04\/Monitor-19-696x731.jpg\" alt=\"Monitor \u00een Fran\u021ba\" class=\"wp-image-6264\" \/><\/a><figcaption>Monitor \u00een Fran\u021ba<\/figcaption><\/figure><\/div>\n\n\n\n<p><strong>Intermediarii<\/strong><br>La prima lec\u021bie cu intermediarii m-am dus ca un maestru. Dar numai eu \u0219tiu cum \u00eemi tremurau picioarele de epuizare dup\u0103 cobor\u00e2rea de dinainte, pe \u201ealbastre\u201d, cu bie\u021bii mei \u00eencep\u0103tori. A\u0219a c\u0103, \u00eenainte s\u0103 m\u0103 pornesc la drum cu intermediarii, am scanat bine p\u00e2rtiile \u0219i m-am fixat pe c\u00e2teva dintre ele, lungi \u0219i late, pe care am \u0219i r\u0103mas p\u00e2n\u0103 la cap\u0103t (Glacier 1, Jandri 5, Signal 1, Jandri 4). \u0218i bine am f\u0103cut, pentru c\u0103 ne-au oferit spa\u021bii excelente pentru primii pa\u0219i \u00een carving. <\/p>\n\n\n\n<p>De fapt, Les Deux Alpes cred c\u0103 e locul ideal pentru perfec\u021bionare de la intermediar \u00een sus. Incluz\u00e2nd nivelul expert, adic\u0103 off-piste, snowpark \u0219i competi\u021bie. Din p\u0103cate, except\u00e2nd banalele, aglomeratele \u0219i prost pozi\u021bionatele p\u00e2rtii verzi, dedicate strict \u00eencep\u0103torilor, Les Deux Alpes is no perfect place for a beginner&#8230; E, dar nu cum ar vrea \u00eencep\u0103torii. \u00cen schimb, locul e un deliciu dac\u0103 vrei s\u0103 scapi de plug \u0219i s\u0103 descoperi carving-ul larg, scurt sau \u00een vitez\u0103, contraderapajul \u0219i punctarea pe abrupt, pe d\u00e2mburi, pe ghea\u021b\u0103. A\u0219a c\u0103 intermediarii au avut pl\u0103cerea maxim\u0103 de a descoperi p\u00e2rtii suficient de largi \u0219i de libere, astfel \u00eenc\u00e2t s\u0103 aib\u0103 timp s\u0103 se g\u00e2ndeasc\u0103 la mi\u0219c\u0103ri, s\u0103 capete \u00eencredere \u00een munte, s\u0103 creasc\u0103 viteza, s\u0103 nu mai fie rigizi, s\u0103-\u0219i foloseasc\u0103 mai bine canturile \u0219i greutatea corpului \u00een cobor\u00e2re, s\u0103 simt\u0103 c\u0103 evolueaz\u0103 \u0219i s\u0103-\u0219i analizeze stilul.<\/p>\n\n\n\n<p><strong>Avansa\u021bii<\/strong><br>Pano Bar, a patra zi de curs. \u00cel v\u0103d la bar pe unul dintre cursan\u021bii mei, m\u0103 duc la el, \u00eemi dau joc cagula, \u00eel bat pe um\u0103r \u0219i-i zic \u201eciao, vezi c\u0103 azi \u00eencepem cu o juma\u2019 de or\u0103 mai t\u00e2rziu\u201d. La care el: \u201enu te sup\u0103ra, da\u2019 tu cine e\u0219ti?\u201d A\u0219a se \u00eent\u00e2mpl\u0103, dragi prieteni, dac\u0103 por\u021bi cagul\u0103 toat\u0103 ziua. \u0218i ai preten\u021bia s\u0103 te \u0219tie lumea&#8230;<\/p>\n\n\n\n<div class=\"wp-block-image image-comment\"><figure class=\"aligncenter\"><a class=\"image-comment\" href=\"https:\/\/ski-outdoor.ro\/ski\/wp-content\/uploads\/sites\/2\/2015\/04\/Monitor-6.jpg\"><img loading=\"lazy\" width=\"960\" height=\"642\" src=\"https:\/\/ski-outdoor.ro\/ski\/wp-content\/uploads\/sites\/2\/2015\/04\/Monitor-6.jpg\" alt=\"Monitor \u00een Fran\u021ba\" class=\"wp-image-6265\" srcset=\"https:\/\/ski-outdoor.ro\/ski\/wp-content\/uploads\/sites\/2\/2015\/04\/Monitor-6.jpg 960w, https:\/\/ski-outdoor.ro\/ski\/wp-content\/uploads\/sites\/2\/2015\/04\/Monitor-6-300x201.jpg 300w, https:\/\/ski-outdoor.ro\/ski\/wp-content\/uploads\/sites\/2\/2015\/04\/Monitor-6-768x514.jpg 768w, https:\/\/ski-outdoor.ro\/ski\/wp-content\/uploads\/sites\/2\/2015\/04\/Monitor-6-370x247.jpg 370w, https:\/\/ski-outdoor.ro\/ski\/wp-content\/uploads\/sites\/2\/2015\/04\/Monitor-6-270x180.jpg 270w, https:\/\/ski-outdoor.ro\/ski\/wp-content\/uploads\/sites\/2\/2015\/04\/Monitor-6-570x381.jpg 570w, https:\/\/ski-outdoor.ro\/ski\/wp-content\/uploads\/sites\/2\/2015\/04\/Monitor-6-770x515.jpg 770w, https:\/\/ski-outdoor.ro\/ski\/wp-content\/uploads\/sites\/2\/2015\/04\/Monitor-6-867x580.jpg 867w\" sizes=\"(max-width: 960px) 100vw, 960px\" \/><\/a><figcaption>Monitor \u00een Fran\u021ba<\/figcaption><\/figure><\/div>\n\n\n\n<p>\u00cen fine. Ideea e c\u0103, la schi, conteaz\u0103 nu ce fa\u021b\u0103 avem, ci ce schiuri folosim, cum le folosim, ce \u00eenseamn\u0103 ele \u00een raport cu greutatea, \u00een\u0103l\u021bimea \u0219i nivelul nostru, pe ce z\u0103pad\u0103 intr\u0103m cu ele \u0219i cum abord\u0103m p\u00e2rtia. Cam \u00een jurul acestor lucruri s-au \u00eenv\u00e2rtit orele de schi pentru avansa\u021bi, iar cascada de glume \u0219i de autoironii, cu care eu \u0219i cursan\u021bii n-am \u00eencetat a ne pipera acele superbe lec\u021bii de schi, au fost ideale pentru mai buna \u00een\u021belegere a pa\u0219ilor tehnici pe care \u00eei aveam de bifat. <\/p>\n\n\n\n<p>C\u00e2t despre p\u00e2rtii&#8230; Nu ne-am oprit de la nimic. Negre, ro\u0219ii, accidentate, aglomerate, fle\u0219c\u0103ite, d\u00e2mbuite \u2013 fiecare a adus o provocare \u0219i o mare \u00eentrebare, \u00eenainte de a porni: \u201eoare pe asta cum o abordez?\u201d Aici carving lejer, confortabil, dincolo cristianii cu contraderapaj prudent, sau poate cu balans agresiv, rapid, mu\u0219cat, \u00een func\u021bie de ceea ce ne spunea p\u00e2rtia s\u0103 facem. Nu ne ie\u0219ea chiar tot timpul, bine\u00een\u021beles; uneori aveam impresia, pe ghea\u021b\u0103 \u0219i pe d\u00e2mburi fle\u0219c\u0103ite, c\u0103 nu mai \u0219tim nimic \u0219i c\u0103 schiem cu sc\u00e2nduri \u00een picioare. Dar am avut bucuria s\u0103 descop\u0103r cursan\u021bi inteligen\u021bi, rapizi, one\u0219ti. <\/p>\n\n\n\n<p>De fapt, at\u00e2t de one\u0219ti \u0219i dornici s\u0103 evolueze, \u00eenc\u00e2t \u00eencontinuu \u00ee\u0219i analizau reciproc gre\u0219elile. Remarcabil, din punctul meu de vedere. Iar c\u00e2nd, \u00eentr-o zi, s-a l\u0103sat cea\u021ba pe munte (dar nu cea\u021b\u0103 dintr-aia rom\u00e2neasc\u0103, de pe l\u00e2ng\u0103 Mure\u0219, ci groas\u0103, \u00eentunecoas\u0103, de po\u021bi cobor\u00ee cu ochii \u00eenchi\u0219i, c\u0103 tot aia e), ne-am zis: \u201efra\u021bilor, suntem doar noi cu tehnica aici\u201d. A\u0219a a fost, \u0219i ne-am descurcat de minune.<\/p>\n\n\n\n<p>N-o mai lungesc. Vreau doar s\u0103 v\u0103 m\u0103rturisesc ceva. Schiind \u00een Fran\u021ba, al\u0103turi de to\u021bi cursan\u021bii mei pe care \u00eei respect pentru r\u0103bdarea, \u00een\u021belegerea \u0219i \u00een\u021belepciunea lor, mi s-a confirmat din nou un lucru. \u00cel \u0219tiam, dar abia acum mi s-a revelat 100%: la schi, oamenii sunt buni. De cele mai multe ori. Schiul une\u0219te oamenii, \u00eei cur\u0103\u021b\u0103 de ur\u00e2t, de formalisme, de tot ce e na\u0219pa \u0219i \u00ee\u021bi poate strica ziua. \u00cen clipa c\u00e2nd pui schiurile \u00een picioare, via\u021ba se face bun\u0103 \u0219i, chiar dac\u0103 te \u00eentorci acas\u0103 cu nasul p\u00e2rlit \u0219i cu urme de ochelari pe juma\u2019 de fa\u021b\u0103, e bine.<\/p>\n\n\n\n<p><em>Scris de: Florian-Rare\u0219 Tileag\u0103<\/em><\/p>\n","protected":false},"excerpt":{"rendered":"<p>C\u00e2nd au auzit prietenii mei c\u0103 plec \u00een Fran\u021ba, ca instructor de schi, au f\u0103cut ni\u0219te fe\u021be lungi \u0219i au&#8230;<\/p>\n","protected":false},"author":15,"featured_media":6266,"comment_status":"open","ping_status":"open","sticky":false,"template":"","format":"standard","meta":[],"categories":[46],"tags":[550,230,1512,822,117,75,97,76,1509],"yoast_head":"<!-- This site is optimized with the Yoast SEO plugin v18.4.1 - https:\/\/yoast.com\/wordpress\/plugins\/seo\/ -->\n<title>Monitor \u00een Fran\u021ba - Ski Magazine<\/title>\n<meta name=\"robots\" content=\"index, follow, max-snippet:-1, max-image-preview:large, max-video-preview:-1\" \/>\n<link rel=\"canonical\" href=\"https:\/\/ski-outdoor.ro\/ski\/2015\/04\/04\/monitor-in-franta\/\" \/>\n<meta property=\"og:locale\" content=\"ro_RO\" \/>\n<meta property=\"og:type\" content=\"article\" \/>\n<meta property=\"og:title\" content=\"Monitor \u00een Fran\u021ba - Ski Magazine\" \/>\n<meta property=\"og:description\" content=\"C\u00e2nd au auzit prietenii mei c\u0103 plec \u00een Fran\u021ba, ca instructor de schi, au f\u0103cut ni\u0219te fe\u021be lungi \u0219i au...\" \/>\n<meta property=\"og:url\" content=\"https:\/\/ski-outdoor.ro\/ski\/2015\/04\/04\/monitor-in-franta\/\" \/>\n<meta property=\"og:site_name\" content=\"Ski Magazine\" \/>\n<meta property=\"article:published_time\" content=\"2015-04-04T17:44:24+00:00\" \/>\n<meta property=\"article:modified_time\" content=\"2019-11-07T18:03:43+00:00\" \/>\n<meta property=\"og:image\" content=\"https:\/\/ski-outdoor.ro\/ski\/wp-content\/uploads\/sites\/2\/2015\/04\/Monitor-15.jpg\" \/>\n\t<meta property=\"og:image:width\" content=\"960\" \/>\n\t<meta property=\"og:image:height\" content=\"640\" \/>\n\t<meta property=\"og:image:type\" content=\"image\/jpeg\" \/>\n<meta name=\"twitter:card\" content=\"summary_large_image\" \/>\n<meta name=\"twitter:label1\" content=\"Scris de\" \/>\n\t<meta name=\"twitter:data1\" content=\"Andrei Hutanu\" \/>\n\t<meta name=\"twitter:label2\" content=\"Timp estimat pentru citire\" \/>\n\t<meta name=\"twitter:data2\" content=\"9 minute\" \/>\n<script type=\"application\/ld+json\" class=\"yoast-schema-graph\">{\"@context\":\"https:\/\/schema.org\",\"@graph\":[{\"@type\":\"WebSite\",\"@id\":\"https:\/\/ski-outdoor.ro\/ski\/#website\",\"url\":\"https:\/\/ski-outdoor.ro\/ski\/\",\"name\":\"Ski Magazine\",\"description\":\"\",\"potentialAction\":[{\"@type\":\"SearchAction\",\"target\":{\"@type\":\"EntryPoint\",\"urlTemplate\":\"https:\/\/ski-outdoor.ro\/ski\/?s={search_term_string}\"},\"query-input\":\"required name=search_term_string\"}],\"inLanguage\":\"ro-RO\"},{\"@type\":\"ImageObject\",\"@id\":\"https:\/\/ski-outdoor.ro\/ski\/2015\/04\/04\/monitor-in-franta\/#primaryimage\",\"inLanguage\":\"ro-RO\",\"url\":\"https:\/\/ski-outdoor.ro\/ski\/wp-content\/uploads\/sites\/2\/2015\/04\/Monitor-15.jpg\",\"contentUrl\":\"https:\/\/ski-outdoor.ro\/ski\/wp-content\/uploads\/sites\/2\/2015\/04\/Monitor-15.jpg\",\"width\":960,\"height\":640},{\"@type\":\"WebPage\",\"@id\":\"https:\/\/ski-outdoor.ro\/ski\/2015\/04\/04\/monitor-in-franta\/#webpage\",\"url\":\"https:\/\/ski-outdoor.ro\/ski\/2015\/04\/04\/monitor-in-franta\/\",\"name\":\"Monitor \u00een Fran\u021ba - Ski Magazine\",\"isPartOf\":{\"@id\":\"https:\/\/ski-outdoor.ro\/ski\/#website\"},\"primaryImageOfPage\":{\"@id\":\"https:\/\/ski-outdoor.ro\/ski\/2015\/04\/04\/monitor-in-franta\/#primaryimage\"},\"datePublished\":\"2015-04-04T17:44:24+00:00\",\"dateModified\":\"2019-11-07T18:03:43+00:00\",\"author\":{\"@id\":\"https:\/\/ski-outdoor.ro\/ski\/#\/schema\/person\/25ecfdd62fd05585715718ec6a89fd44\"},\"breadcrumb\":{\"@id\":\"https:\/\/ski-outdoor.ro\/ski\/2015\/04\/04\/monitor-in-franta\/#breadcrumb\"},\"inLanguage\":\"ro-RO\",\"potentialAction\":[{\"@type\":\"ReadAction\",\"target\":[\"https:\/\/ski-outdoor.ro\/ski\/2015\/04\/04\/monitor-in-franta\/\"]}]},{\"@type\":\"BreadcrumbList\",\"@id\":\"https:\/\/ski-outdoor.ro\/ski\/2015\/04\/04\/monitor-in-franta\/#breadcrumb\",\"itemListElement\":[{\"@type\":\"ListItem\",\"position\":1,\"name\":\"Home\",\"item\":\"https:\/\/ski-outdoor.ro\/ski\/\"},{\"@type\":\"ListItem\",\"position\":2,\"name\":\"Monitor \u00een Fran\u021ba\"}]},{\"@type\":\"Person\",\"@id\":\"https:\/\/ski-outdoor.ro\/ski\/#\/schema\/person\/25ecfdd62fd05585715718ec6a89fd44\",\"name\":\"Andrei Hutanu\",\"image\":{\"@type\":\"ImageObject\",\"@id\":\"https:\/\/ski-outdoor.ro\/ski\/#personlogo\",\"inLanguage\":\"ro-RO\",\"url\":\"https:\/\/secure.gravatar.com\/avatar\/29ed3b0356133fa1b0b13d0f3857a161?s=96&d=mm&r=g\",\"contentUrl\":\"https:\/\/secure.gravatar.com\/avatar\/29ed3b0356133fa1b0b13d0f3857a161?s=96&d=mm&r=g\",\"caption\":\"Andrei Hutanu\"},\"url\":\"https:\/\/ski-outdoor.ro\/ski\/author\/editor\/\"}]}<\/script>\n<!-- \/ Yoast SEO plugin. -->","yoast_head_json":{"title":"Monitor \u00een Fran\u021ba - Ski Magazine","robots":{"index":"index","follow":"follow","max-snippet":"max-snippet:-1","max-image-preview":"max-image-preview:large","max-video-preview":"max-video-preview:-1"},"canonical":"https:\/\/ski-outdoor.ro\/ski\/2015\/04\/04\/monitor-in-franta\/","og_locale":"ro_RO","og_type":"article","og_title":"Monitor \u00een Fran\u021ba - Ski Magazine","og_description":"C\u00e2nd au auzit prietenii mei c\u0103 plec \u00een Fran\u021ba, ca instructor de schi, au f\u0103cut ni\u0219te fe\u021be lungi \u0219i au...","og_url":"https:\/\/ski-outdoor.ro\/ski\/2015\/04\/04\/monitor-in-franta\/","og_site_name":"Ski Magazine","article_published_time":"2015-04-04T17:44:24+00:00","article_modified_time":"2019-11-07T18:03:43+00:00","og_image":[{"width":960,"height":640,"url":"https:\/\/ski-outdoor.ro\/ski\/wp-content\/uploads\/sites\/2\/2015\/04\/Monitor-15.jpg","type":"image\/jpeg"}],"twitter_card":"summary_large_image","twitter_misc":{"Scris de":"Andrei Hutanu","Timp estimat pentru citire":"9 minute"},"schema":{"@context":"https:\/\/schema.org","@graph":[{"@type":"WebSite","@id":"https:\/\/ski-outdoor.ro\/ski\/#website","url":"https:\/\/ski-outdoor.ro\/ski\/","name":"Ski Magazine","description":"","potentialAction":[{"@type":"SearchAction","target":{"@type":"EntryPoint","urlTemplate":"https:\/\/ski-outdoor.ro\/ski\/?s={search_term_string}"},"query-input":"required name=search_term_string"}],"inLanguage":"ro-RO"},{"@type":"ImageObject","@id":"https:\/\/ski-outdoor.ro\/ski\/2015\/04\/04\/monitor-in-franta\/#primaryimage","inLanguage":"ro-RO","url":"https:\/\/ski-outdoor.ro\/ski\/wp-content\/uploads\/sites\/2\/2015\/04\/Monitor-15.jpg","contentUrl":"https:\/\/ski-outdoor.ro\/ski\/wp-content\/uploads\/sites\/2\/2015\/04\/Monitor-15.jpg","width":960,"height":640},{"@type":"WebPage","@id":"https:\/\/ski-outdoor.ro\/ski\/2015\/04\/04\/monitor-in-franta\/#webpage","url":"https:\/\/ski-outdoor.ro\/ski\/2015\/04\/04\/monitor-in-franta\/","name":"Monitor \u00een Fran\u021ba - Ski Magazine","isPartOf":{"@id":"https:\/\/ski-outdoor.ro\/ski\/#website"},"primaryImageOfPage":{"@id":"https:\/\/ski-outdoor.ro\/ski\/2015\/04\/04\/monitor-in-franta\/#primaryimage"},"datePublished":"2015-04-04T17:44:24+00:00","dateModified":"2019-11-07T18:03:43+00:00","author":{"@id":"https:\/\/ski-outdoor.ro\/ski\/#\/schema\/person\/25ecfdd62fd05585715718ec6a89fd44"},"breadcrumb":{"@id":"https:\/\/ski-outdoor.ro\/ski\/2015\/04\/04\/monitor-in-franta\/#breadcrumb"},"inLanguage":"ro-RO","potentialAction":[{"@type":"ReadAction","target":["https:\/\/ski-outdoor.ro\/ski\/2015\/04\/04\/monitor-in-franta\/"]}]},{"@type":"BreadcrumbList","@id":"https:\/\/ski-outdoor.ro\/ski\/2015\/04\/04\/monitor-in-franta\/#breadcrumb","itemListElement":[{"@type":"ListItem","position":1,"name":"Home","item":"https:\/\/ski-outdoor.ro\/ski\/"},{"@type":"ListItem","position":2,"name":"Monitor \u00een Fran\u021ba"}]},{"@type":"Person","@id":"https:\/\/ski-outdoor.ro\/ski\/#\/schema\/person\/25ecfdd62fd05585715718ec6a89fd44","name":"Andrei Hutanu","image":{"@type":"ImageObject","@id":"https:\/\/ski-outdoor.ro\/ski\/#personlogo","inLanguage":"ro-RO","url":"https:\/\/secure.gravatar.com\/avatar\/29ed3b0356133fa1b0b13d0f3857a161?s=96&d=mm&r=g","contentUrl":"https:\/\/secure.gravatar.com\/avatar\/29ed3b0356133fa1b0b13d0f3857a161?s=96&d=mm&r=g","caption":"Andrei Hutanu"},"url":"https:\/\/ski-outdoor.ro\/ski\/author\/editor\/"}]}},"_links":{"self":[{"href":"https:\/\/ski-outdoor.ro\/ski\/wp-json\/wp\/v2\/posts\/6260"}],"collection":[{"href":"https:\/\/ski-outdoor.ro\/ski\/wp-json\/wp\/v2\/posts"}],"about":[{"href":"https:\/\/ski-outdoor.ro\/ski\/wp-json\/wp\/v2\/types\/post"}],"author":[{"embeddable":true,"href":"https:\/\/ski-outdoor.ro\/ski\/wp-json\/wp\/v2\/users\/15"}],"replies":[{"embeddable":true,"href":"https:\/\/ski-outdoor.ro\/ski\/wp-json\/wp\/v2\/comments?post=6260"}],"version-history":[{"count":2,"href":"https:\/\/ski-outdoor.ro\/ski\/wp-json\/wp\/v2\/posts\/6260\/revisions"}],"predecessor-version":[{"id":13943,"href":"https:\/\/ski-outdoor.ro\/ski\/wp-json\/wp\/v2\/posts\/6260\/revisions\/13943"}],"wp:featuredmedia":[{"embeddable":true,"href":"https:\/\/ski-outdoor.ro\/ski\/wp-json\/wp\/v2\/media\/6266"}],"wp:attachment":[{"href":"https:\/\/ski-outdoor.ro\/ski\/wp-json\/wp\/v2\/media?parent=6260"}],"wp:term":[{"taxonomy":"category","embeddable":true,"href":"https:\/\/ski-outdoor.ro\/ski\/wp-json\/wp\/v2\/categories?post=6260"},{"taxonomy":"post_tag","embeddable":true,"href":"https:\/\/ski-outdoor.ro\/ski\/wp-json\/wp\/v2\/tags?post=6260"}],"curies":[{"name":"wp","href":"https:\/\/api.w.org\/{rel}","templated":true}]}}