{"id":7817,"date":"2015-12-28T21:48:58","date_gmt":"2015-12-28T19:48:58","guid":{"rendered":"https:\/\/ski-outdoor.ro\/ski\/?p=7817"},"modified":"2019-11-07T13:37:08","modified_gmt":"2019-11-07T13:37:08","slug":"la-sureanu-se-schiaza-pe-zapada-naturala","status":"publish","type":"post","link":"https:\/\/ski-outdoor.ro\/ski\/2015\/12\/28\/la-sureanu-se-schiaza-pe-zapada-naturala\/","title":{"rendered":"La \u0218ureanu se schiaz\u0103. Pe z\u0103pad\u0103 natural\u0103"},"content":{"rendered":"\n<p><strong>\u00centr-un decor de toamn\u0103 ur\u00e2t\u0103 (sau de prim\u0103var\u0103 timpurie pe alocuri) mi-e greu s\u0103-mi amintesc cum arat\u0103&nbsp;z\u0103pada. \u00centre timp doamne dr\u0103gu\u021be \u00eembr\u0103cate frumos ne spun la televizor c\u0103 nici austriecii, italienii sau francezii, cu Alpii lor cu tot, nu prea au v\u0103zut z\u0103pad\u0103 natural\u0103 sezonul \u0103sta. A\u0219a \u00eenc\u00e2t mie greu s\u0103-mi imaginez c\u0103 se schiaz\u0103 undeva \u00een aceast\u0103 emisfer\u0103, cu at\u00e2t mai pu\u021bin \u00een \u021bara asta total dependent\u0103 de buletinul meteo c\u00e2nd vine vorba de schi. <\/strong><\/p>\n\n\n\n<div class=\"wp-block-image\"><figure class=\"alignleft is-resized\"><a href=\"https:\/\/ski-outdoor.ro\/ski\/wp-content\/uploads\/sites\/2\/2015\/12\/Sureanu1.jpg\"><img loading=\"lazy\" src=\"https:\/\/ski-outdoor.ro\/ski\/wp-content\/uploads\/sites\/2\/2015\/12\/Sureanu1-735x551.jpg\" alt=\"\u0218ureanu\" class=\"wp-image-7822\" width=\"460\" height=\"344\" \/><\/a><figcaption>\u0218ureanu<\/figcaption><\/figure><\/div>\n\n\n\n<p>M-a tot \u00eenebunit Rare\u0219 c\u0103 se schiaz\u0103 la \u0218ureanu, ne-a trimis informa\u021bii pe care le-am inclus \u00een \u0219tirea despre locurile schiabile \u00een Rom\u00e2nia finalului lui 2015, a\u0219a c\u0103 l-am sunat: <em>\u201cCum e la voi, acolo?\u201d<\/em>. <em>\u201cOmule\u201d<\/em>, zice, <em>\u201chai \u00eencoace! Este z\u0103pad\u0103, vreme bun\u0103, nu e lume deloc, chiar merit\u0103 s\u0103 vii.\u201d<\/em> \u00cel sun pe Adi \u0219i \u00eemi pun ceasul s\u0103 sune la 7,00 \u00een a treia zi de Cr\u0103ciun. <\/p>\n\n\n\n<p>Diminea\u021ba, dup\u0103 o \u00eent\u00e2rziere de doar jum\u0103tate de or\u0103, \u00eel iau pe Adi \u0219i pornim prin cea\u021b\u0103 spre promisiunea improbabil\u0103 a unei zile frumoase de schi. Imi doream, m\u0103car, s\u0103 vad soarele pentru c\u00e2teva ore. Ei bine, minune! La \u0218ureanu este z\u0103pad\u0103. Natural\u0103. De\u0219i nici c\u00e2nd am ajuns la lacul Oa\u0219a nu aveam nici un semn c\u0103 ar putea fi posibil\u2026. Mai mult dec\u00e2t at\u00e2t, cinci p\u00e2rtii erau deschise. \u0218i nu era nici mult\u0103 lume. \u0218i era \u0219i soarele promis de Rare\u0219. Am schiat, deci, c\u00e2t am putut, cu pofta copilului care g\u0103se\u0219te pr\u0103jitura despre care credea c\u0103 nu exist\u0103.<\/p>\n\n\n\n<p>S\u0103 vorbim, pu\u021bin, despre lucruri concrete. Din cele trei p\u00e2rtii de l\u00e2ng\u0103 teleschi, doar una era de luat \u00een considerare din punctul meu de vedere: <strong>C4<\/strong>. Destul de lent\u0103, dar cu suprafa\u021ba relativ bun\u0103. <strong>C3<\/strong> era schiabil\u0103, chiar dac\u0103 trei zone \u00een care ie\u0219ea p\u0103m\u00e2ntul \u00ee\u021bi r\u0103peau mult din pl\u0103cere. <strong>C1<\/strong>, dup\u0103 por\u021biunea de plat de sus, era complet degradat\u0103, o recomand doar masochi\u0219tilor.<\/p>\n\n\n\n<div class=\"wp-block-image\"><figure class=\"aligncenter\"><a href=\"https:\/\/ski-outdoor.ro\/ski\/wp-content\/uploads\/sites\/2\/2015\/12\/Sureanu.jpg\"><img src=\"https:\/\/ski-outdoor.ro\/ski\/wp-content\/uploads\/sites\/2\/2015\/12\/Sureanu-735x551.jpg\" alt=\"\u0218ureanu C3\" class=\"wp-image-7823\" \/><\/a><figcaption>\u0218ureanu C3<\/figcaption><\/figure><\/div>\n\n\n\n<p>Dincolo, pe Au\u0219eu, la telescaun, dou\u0103 p\u00e2rtii din trei erau func\u021bionale: A3, excelent\u0103 \u00een prima parte a zilei, penalizat\u0103 spre dup\u0103-amiaz\u0103 de pietrele ap\u0103rute prin z\u0103pad\u0103, dar, totu\u0219i, practicabil\u0103 \u0219i distractiv\u0103 \u0219i A2, revela\u021bia zilei, care, \u00een afara unei singure por\u021biuni \u00een care ie\u0219ea ceva iarb\u0103 prin z\u0103pada sub\u021bire, nu avea nimic s\u0103-i repro\u0219ezi. \u0218i nu v\u0103 uita\u021bi la culoarea marcajului. C\u00e2nd e b\u0103tut\u0103, a\u0219a cum a fost acum, A2 e o ro\u0219ie cinstit\u0103, iar negrul de pe balize nu face dec\u00e2t s\u0103 o p\u0103streze relativ goal\u0103.<\/p>\n\n\n\n<figure class=\"wp-block-image\"><a href=\"https:\/\/ski-outdoor.ro\/ski\/wp-content\/uploads\/sites\/2\/2015\/12\/Sureanu-A2_1.jpg\"><img src=\"https:\/\/ski-outdoor.ro\/ski\/wp-content\/uploads\/sites\/2\/2015\/12\/Sureanu-A2_1-735x551.jpg\" alt=\"Sureanu A2\" class=\"wp-image-7824\" \/><\/a><figcaption>Sureanu A2<\/figcaption><\/figure>\n\n\n\n<p>Se poate schia \u00een condi\u021bii decente \u0219i la noi. Trebuie doar s\u0103 ai \u00eencredere \u0219i s\u0103 conduci vreo \u0219ase ore dus-\u00eentors (de la Cluj) pentru tot at\u00e2tea ore de schi. \u0218i apoi s\u0103-\u021bi rupi ma\u0219ina \u0219i nervii pe 25 de kilometri de drum desfundat pentru c\u0103 autorit\u0103\u021bile nu sunt \u00een stare s\u0103 rezolve aceast\u0103 problem\u0103 de ani de zile. Alo, domnilor de la Consiliul Jude\u021bean Alba, ne auzi\u021bi? Sunt oameni care au investit acolo, care pl\u0103tesc taxe, care dau de lucru \u0219i la al\u021bii ( care la r\u00e2ndul lor pl\u0103tesc taxe). Sunt al\u021bi nebuni care merg s\u0103 cheltuie bani acolo pentru a-\u0219i \u00eemplini pasiunea. Oare nu pute\u021bi s\u0103 include\u021bi \u0219i drumul acesta printre at\u00e2tea DJ-uri pe care le asfalta\u021bi \u0219i moderniza\u021bi cu m\u00e2ndrie? Nu ne aude nimeni. Poate la anu\u2019.<\/p>\n","protected":false},"excerpt":{"rendered":"<p>\u00centr-un decor de toamn\u0103 ur\u00e2t\u0103 (sau de prim\u0103var\u0103 timpurie pe alocuri) mi-e greu s\u0103-mi amintesc cum arat\u0103&nbsp;z\u0103pada. \u00centre timp doamne&#8230;<\/p>\n","protected":false},"author":15,"featured_media":9237,"comment_status":"open","ping_status":"open","sticky":false,"template":"","format":"standard","meta":[],"categories":[45],"tags":[202,1327,1635,1583,1636,231,1416,117,75,97,76,229,1637],"yoast_head":"<!-- This site is optimized with the Yoast SEO plugin v18.4.1 - https:\/\/yoast.com\/wordpress\/plugins\/seo\/ -->\n<title>La \u0218ureanu se schiaz\u0103. Pe z\u0103pad\u0103 natural\u0103 - Ski Magazine<\/title>\n<meta name=\"robots\" content=\"index, follow, max-snippet:-1, max-image-preview:large, max-video-preview:-1\" \/>\n<link rel=\"canonical\" href=\"https:\/\/ski-outdoor.ro\/ski\/2015\/12\/28\/la-sureanu-se-schiaza-pe-zapada-naturala\/\" \/>\n<meta property=\"og:locale\" content=\"ro_RO\" \/>\n<meta property=\"og:type\" content=\"article\" \/>\n<meta property=\"og:title\" content=\"La \u0218ureanu se schiaz\u0103. Pe z\u0103pad\u0103 natural\u0103 - Ski Magazine\" \/>\n<meta property=\"og:description\" content=\"\u00centr-un decor de toamn\u0103 ur\u00e2t\u0103 (sau de prim\u0103var\u0103 timpurie pe alocuri) mi-e greu s\u0103-mi amintesc cum arat\u0103&nbsp;z\u0103pada. \u00centre timp doamne...\" \/>\n<meta property=\"og:url\" content=\"https:\/\/ski-outdoor.ro\/ski\/2015\/12\/28\/la-sureanu-se-schiaza-pe-zapada-naturala\/\" \/>\n<meta property=\"og:site_name\" content=\"Ski Magazine\" \/>\n<meta property=\"article:published_time\" content=\"2015-12-28T19:48:58+00:00\" \/>\n<meta property=\"article:modified_time\" content=\"2019-11-07T13:37:08+00:00\" \/>\n<meta property=\"og:image\" content=\"https:\/\/ski-outdoor.ro\/ski\/wp-content\/uploads\/sites\/2\/2017\/02\/Domeniul-Schiabil-Sureanu.jpg\" \/>\n\t<meta property=\"og:image:width\" content=\"800\" \/>\n\t<meta property=\"og:image:height\" content=\"538\" \/>\n\t<meta property=\"og:image:type\" content=\"image\/jpeg\" \/>\n<meta name=\"twitter:card\" content=\"summary_large_image\" \/>\n<meta name=\"twitter:label1\" content=\"Scris de\" \/>\n\t<meta name=\"twitter:data1\" content=\"Andrei Hutanu\" \/>\n\t<meta name=\"twitter:label2\" content=\"Timp estimat pentru citire\" \/>\n\t<meta name=\"twitter:data2\" content=\"3 minute\" \/>\n<script type=\"application\/ld+json\" class=\"yoast-schema-graph\">{\"@context\":\"https:\/\/schema.org\",\"@graph\":[{\"@type\":\"WebSite\",\"@id\":\"https:\/\/ski-outdoor.ro\/ski\/#website\",\"url\":\"https:\/\/ski-outdoor.ro\/ski\/\",\"name\":\"Ski Magazine\",\"description\":\"\",\"potentialAction\":[{\"@type\":\"SearchAction\",\"target\":{\"@type\":\"EntryPoint\",\"urlTemplate\":\"https:\/\/ski-outdoor.ro\/ski\/?s={search_term_string}\"},\"query-input\":\"required name=search_term_string\"}],\"inLanguage\":\"ro-RO\"},{\"@type\":\"ImageObject\",\"@id\":\"https:\/\/ski-outdoor.ro\/ski\/2015\/12\/28\/la-sureanu-se-schiaza-pe-zapada-naturala\/#primaryimage\",\"inLanguage\":\"ro-RO\",\"url\":\"https:\/\/ski-outdoor.ro\/ski\/wp-content\/uploads\/sites\/2\/2017\/02\/Domeniul-Schiabil-Sureanu.jpg\",\"contentUrl\":\"https:\/\/ski-outdoor.ro\/ski\/wp-content\/uploads\/sites\/2\/2017\/02\/Domeniul-Schiabil-Sureanu.jpg\",\"width\":800,\"height\":538},{\"@type\":\"WebPage\",\"@id\":\"https:\/\/ski-outdoor.ro\/ski\/2015\/12\/28\/la-sureanu-se-schiaza-pe-zapada-naturala\/#webpage\",\"url\":\"https:\/\/ski-outdoor.ro\/ski\/2015\/12\/28\/la-sureanu-se-schiaza-pe-zapada-naturala\/\",\"name\":\"La \u0218ureanu se schiaz\u0103. Pe z\u0103pad\u0103 natural\u0103 - Ski Magazine\",\"isPartOf\":{\"@id\":\"https:\/\/ski-outdoor.ro\/ski\/#website\"},\"primaryImageOfPage\":{\"@id\":\"https:\/\/ski-outdoor.ro\/ski\/2015\/12\/28\/la-sureanu-se-schiaza-pe-zapada-naturala\/#primaryimage\"},\"datePublished\":\"2015-12-28T19:48:58+00:00\",\"dateModified\":\"2019-11-07T13:37:08+00:00\",\"author\":{\"@id\":\"https:\/\/ski-outdoor.ro\/ski\/#\/schema\/person\/25ecfdd62fd05585715718ec6a89fd44\"},\"breadcrumb\":{\"@id\":\"https:\/\/ski-outdoor.ro\/ski\/2015\/12\/28\/la-sureanu-se-schiaza-pe-zapada-naturala\/#breadcrumb\"},\"inLanguage\":\"ro-RO\",\"potentialAction\":[{\"@type\":\"ReadAction\",\"target\":[\"https:\/\/ski-outdoor.ro\/ski\/2015\/12\/28\/la-sureanu-se-schiaza-pe-zapada-naturala\/\"]}]},{\"@type\":\"BreadcrumbList\",\"@id\":\"https:\/\/ski-outdoor.ro\/ski\/2015\/12\/28\/la-sureanu-se-schiaza-pe-zapada-naturala\/#breadcrumb\",\"itemListElement\":[{\"@type\":\"ListItem\",\"position\":1,\"name\":\"Home\",\"item\":\"https:\/\/ski-outdoor.ro\/ski\/\"},{\"@type\":\"ListItem\",\"position\":2,\"name\":\"La \u0218ureanu se schiaz\u0103. Pe z\u0103pad\u0103 natural\u0103\"}]},{\"@type\":\"Person\",\"@id\":\"https:\/\/ski-outdoor.ro\/ski\/#\/schema\/person\/25ecfdd62fd05585715718ec6a89fd44\",\"name\":\"Andrei Hutanu\",\"image\":{\"@type\":\"ImageObject\",\"@id\":\"https:\/\/ski-outdoor.ro\/ski\/#personlogo\",\"inLanguage\":\"ro-RO\",\"url\":\"https:\/\/secure.gravatar.com\/avatar\/29ed3b0356133fa1b0b13d0f3857a161?s=96&d=mm&r=g\",\"contentUrl\":\"https:\/\/secure.gravatar.com\/avatar\/29ed3b0356133fa1b0b13d0f3857a161?s=96&d=mm&r=g\",\"caption\":\"Andrei Hutanu\"},\"url\":\"https:\/\/ski-outdoor.ro\/ski\/author\/editor\/\"}]}<\/script>\n<!-- \/ Yoast SEO plugin. -->","yoast_head_json":{"title":"La \u0218ureanu se schiaz\u0103. Pe z\u0103pad\u0103 natural\u0103 - Ski Magazine","robots":{"index":"index","follow":"follow","max-snippet":"max-snippet:-1","max-image-preview":"max-image-preview:large","max-video-preview":"max-video-preview:-1"},"canonical":"https:\/\/ski-outdoor.ro\/ski\/2015\/12\/28\/la-sureanu-se-schiaza-pe-zapada-naturala\/","og_locale":"ro_RO","og_type":"article","og_title":"La \u0218ureanu se schiaz\u0103. Pe z\u0103pad\u0103 natural\u0103 - Ski Magazine","og_description":"\u00centr-un decor de toamn\u0103 ur\u00e2t\u0103 (sau de prim\u0103var\u0103 timpurie pe alocuri) mi-e greu s\u0103-mi amintesc cum arat\u0103&nbsp;z\u0103pada. \u00centre timp doamne...","og_url":"https:\/\/ski-outdoor.ro\/ski\/2015\/12\/28\/la-sureanu-se-schiaza-pe-zapada-naturala\/","og_site_name":"Ski Magazine","article_published_time":"2015-12-28T19:48:58+00:00","article_modified_time":"2019-11-07T13:37:08+00:00","og_image":[{"width":800,"height":538,"url":"https:\/\/ski-outdoor.ro\/ski\/wp-content\/uploads\/sites\/2\/2017\/02\/Domeniul-Schiabil-Sureanu.jpg","type":"image\/jpeg"}],"twitter_card":"summary_large_image","twitter_misc":{"Scris de":"Andrei Hutanu","Timp estimat pentru citire":"3 minute"},"schema":{"@context":"https:\/\/schema.org","@graph":[{"@type":"WebSite","@id":"https:\/\/ski-outdoor.ro\/ski\/#website","url":"https:\/\/ski-outdoor.ro\/ski\/","name":"Ski Magazine","description":"","potentialAction":[{"@type":"SearchAction","target":{"@type":"EntryPoint","urlTemplate":"https:\/\/ski-outdoor.ro\/ski\/?s={search_term_string}"},"query-input":"required name=search_term_string"}],"inLanguage":"ro-RO"},{"@type":"ImageObject","@id":"https:\/\/ski-outdoor.ro\/ski\/2015\/12\/28\/la-sureanu-se-schiaza-pe-zapada-naturala\/#primaryimage","inLanguage":"ro-RO","url":"https:\/\/ski-outdoor.ro\/ski\/wp-content\/uploads\/sites\/2\/2017\/02\/Domeniul-Schiabil-Sureanu.jpg","contentUrl":"https:\/\/ski-outdoor.ro\/ski\/wp-content\/uploads\/sites\/2\/2017\/02\/Domeniul-Schiabil-Sureanu.jpg","width":800,"height":538},{"@type":"WebPage","@id":"https:\/\/ski-outdoor.ro\/ski\/2015\/12\/28\/la-sureanu-se-schiaza-pe-zapada-naturala\/#webpage","url":"https:\/\/ski-outdoor.ro\/ski\/2015\/12\/28\/la-sureanu-se-schiaza-pe-zapada-naturala\/","name":"La \u0218ureanu se schiaz\u0103. Pe z\u0103pad\u0103 natural\u0103 - Ski Magazine","isPartOf":{"@id":"https:\/\/ski-outdoor.ro\/ski\/#website"},"primaryImageOfPage":{"@id":"https:\/\/ski-outdoor.ro\/ski\/2015\/12\/28\/la-sureanu-se-schiaza-pe-zapada-naturala\/#primaryimage"},"datePublished":"2015-12-28T19:48:58+00:00","dateModified":"2019-11-07T13:37:08+00:00","author":{"@id":"https:\/\/ski-outdoor.ro\/ski\/#\/schema\/person\/25ecfdd62fd05585715718ec6a89fd44"},"breadcrumb":{"@id":"https:\/\/ski-outdoor.ro\/ski\/2015\/12\/28\/la-sureanu-se-schiaza-pe-zapada-naturala\/#breadcrumb"},"inLanguage":"ro-RO","potentialAction":[{"@type":"ReadAction","target":["https:\/\/ski-outdoor.ro\/ski\/2015\/12\/28\/la-sureanu-se-schiaza-pe-zapada-naturala\/"]}]},{"@type":"BreadcrumbList","@id":"https:\/\/ski-outdoor.ro\/ski\/2015\/12\/28\/la-sureanu-se-schiaza-pe-zapada-naturala\/#breadcrumb","itemListElement":[{"@type":"ListItem","position":1,"name":"Home","item":"https:\/\/ski-outdoor.ro\/ski\/"},{"@type":"ListItem","position":2,"name":"La \u0218ureanu se schiaz\u0103. Pe z\u0103pad\u0103 natural\u0103"}]},{"@type":"Person","@id":"https:\/\/ski-outdoor.ro\/ski\/#\/schema\/person\/25ecfdd62fd05585715718ec6a89fd44","name":"Andrei Hutanu","image":{"@type":"ImageObject","@id":"https:\/\/ski-outdoor.ro\/ski\/#personlogo","inLanguage":"ro-RO","url":"https:\/\/secure.gravatar.com\/avatar\/29ed3b0356133fa1b0b13d0f3857a161?s=96&d=mm&r=g","contentUrl":"https:\/\/secure.gravatar.com\/avatar\/29ed3b0356133fa1b0b13d0f3857a161?s=96&d=mm&r=g","caption":"Andrei Hutanu"},"url":"https:\/\/ski-outdoor.ro\/ski\/author\/editor\/"}]}},"_links":{"self":[{"href":"https:\/\/ski-outdoor.ro\/ski\/wp-json\/wp\/v2\/posts\/7817"}],"collection":[{"href":"https:\/\/ski-outdoor.ro\/ski\/wp-json\/wp\/v2\/posts"}],"about":[{"href":"https:\/\/ski-outdoor.ro\/ski\/wp-json\/wp\/v2\/types\/post"}],"author":[{"embeddable":true,"href":"https:\/\/ski-outdoor.ro\/ski\/wp-json\/wp\/v2\/users\/15"}],"replies":[{"embeddable":true,"href":"https:\/\/ski-outdoor.ro\/ski\/wp-json\/wp\/v2\/comments?post=7817"}],"version-history":[{"count":2,"href":"https:\/\/ski-outdoor.ro\/ski\/wp-json\/wp\/v2\/posts\/7817\/revisions"}],"predecessor-version":[{"id":13871,"href":"https:\/\/ski-outdoor.ro\/ski\/wp-json\/wp\/v2\/posts\/7817\/revisions\/13871"}],"wp:featuredmedia":[{"embeddable":true,"href":"https:\/\/ski-outdoor.ro\/ski\/wp-json\/wp\/v2\/media\/9237"}],"wp:attachment":[{"href":"https:\/\/ski-outdoor.ro\/ski\/wp-json\/wp\/v2\/media?parent=7817"}],"wp:term":[{"taxonomy":"category","embeddable":true,"href":"https:\/\/ski-outdoor.ro\/ski\/wp-json\/wp\/v2\/categories?post=7817"},{"taxonomy":"post_tag","embeddable":true,"href":"https:\/\/ski-outdoor.ro\/ski\/wp-json\/wp\/v2\/tags?post=7817"}],"curies":[{"name":"wp","href":"https:\/\/api.w.org\/{rel}","templated":true}]}}